{"id":2536,"date":"2026-04-25T16:30:00","date_gmt":"2026-04-25T19:30:00","guid":{"rendered":"https:\/\/advogadoinssrj.com\/?p=2536"},"modified":"2026-04-25T16:30:00","modified_gmt":"2026-04-25T19:30:00","slug":"aposentadoria-por-idade","status":"publish","type":"post","link":"https:\/\/advogadoinssrj.com\/index.php\/2026\/04\/25\/aposentadoria-por-idade\/","title":{"rendered":"Aposentadoria por Idade:"},"content":{"rendered":"\n<p><strong>Requisitos, Regras de Transi\u00e7\u00e3o, C\u00e1lculo e Como Solicitar em 2026<\/strong><\/p>\n\n\n\n<p><em>Por Dr. Jos\u00e9 Deivison de Oliveira&nbsp; |&nbsp; OAB\/RJ 186.125&nbsp; |&nbsp; Especialista em Direito Previdenci\u00e1rio e Trabalhista<\/em><\/p>\n\n\n\n<p>Escrit\u00f3rio no Rio de Janeiro | Atendimento online em todo o Brasil | advogadoinssrj.com<\/p>\n\n\n\n<p><\/p>\n\n\n\n<p>A aposentadoria por idade \u00e9 o benef\u00edcio previdenci\u00e1rio mais buscado no Brasil. S\u00f3 em 2025, as pesquisas pelo tema no Google cresceram mais de 84%, ultrapassando 3 milh\u00f5es de buscas anuais. Em 2026, com as regras de transi\u00e7\u00e3o da Reforma da Previd\u00eancia avan\u00e7ando mais um degrau, as d\u00favidas ficaram ainda mais frequentes.<\/p>\n\n\n\n<p>Se voc\u00ea \u00e9 trabalhador no Rio de Janeiro ou em qualquer parte do Brasil e quer entender seus direitos, este guia foi elaborado pelo Dr. Jos\u00e9 Deivison de Oliveira, advogado previdenci\u00e1rio no RJ com inscri\u00e7\u00e3o OAB\/RJ 186.125, para responder \u00e0s principais d\u00favidas sobre aposentadoria por idade: quem tem direito, como \u00e9 calculado o valor, quais s\u00e3o os documentos necess\u00e1rios e como dar entrada no Meu INSS.<\/p>\n\n\n\n<h1 class=\"wp-block-heading\"><strong>1. O que \u00e9 a Aposentadoria por Idade<\/strong><\/h1>\n\n\n\n<p>A aposentadoria por idade \u00e9 um benef\u00edcio concedido pelo Instituto Nacional do Seguro Social (INSS) ao segurado que atingiu a idade m\u00ednima exigida por lei e cumpriu o per\u00edodo m\u00ednimo de contribui\u00e7\u00e3o. Sua finalidade \u00e9 substituir a renda do trabalho e garantir sustento mensal ap\u00f3s o encerramento da vida profissional ativa.<\/p>\n\n\n\n<p>Diferentemente da aposentadoria por tempo de contribui\u00e7\u00e3o \u2014 tecnicamente extinta pela Reforma da Previd\u00eancia (EC 103\/2019) \u2014 a aposentadoria por idade permanece como modalidade definitiva e \u00e9 a forma mais acess\u00edvel de aposentadoria para a grande maioria dos trabalhadores brasileiros.<\/p>\n\n\n\n<p><em>Aten\u00e7\u00e3o: a aposentadoria por idade \u00e9 diferente do BPC\/LOAS. O Benef\u00edcio de Presta\u00e7\u00e3o Continuada \u00e9 assistencial, n\u00e3o exige contribui\u00e7\u00f5es, mas tem crit\u00e9rios pr\u00f3prios de renda familiar e idade. Quem nunca contribuiu ao INSS n\u00e3o pode se aposentar, mas pode ter direito ao BPC. O escrit\u00f3rio Deivison de Oliveira Advocacia atua em ambas as modalidades.<\/em><\/p>\n\n\n\n<h1 class=\"wp-block-heading\"><strong>2. Requisitos para Aposentadoria por Idade em 2026<\/strong><\/h1>\n\n\n\n<h2 class=\"wp-block-heading\"><strong>2.1 Regra Permanente<\/strong><\/h2>\n\n\n\n<p>V\u00e1lida para quem come\u00e7ou a contribuir ao INSS somente ap\u00f3s 13 de novembro de 2019:<\/p>\n\n\n\n<ul class=\"wp-block-list\">\n<li>Mulheres: 62 anos de idade + 15 anos de contribui\u00e7\u00e3o<\/li>\n\n\n\n<li>Homens: 65 anos de idade + 20 anos de contribui\u00e7\u00e3o<\/li>\n<\/ul>\n\n\n\n<h2 class=\"wp-block-heading\"><strong>2.2 Regra de Transi\u00e7\u00e3o<\/strong><\/h2>\n\n\n\n<p>Para quem j\u00e1 contribu\u00eda antes da Reforma da Previd\u00eancia (13\/11\/2019), a regra de transi\u00e7\u00e3o da aposentadoria por idade n\u00e3o mudou em 2026:<\/p>\n\n\n\n<ul class=\"wp-block-list\">\n<li>Mulheres: 62 anos de idade + 15 anos de contribui\u00e7\u00e3o<\/li>\n\n\n\n<li>Homens: 65 anos de idade + 15 anos de contribui\u00e7\u00e3o<\/li>\n<\/ul>\n\n\n\n<p><em>A diferen\u00e7a entre a regra permanente e a de transi\u00e7\u00e3o est\u00e1 no tempo m\u00ednimo de contribui\u00e7\u00e3o exigido dos homens: 15 anos na transi\u00e7\u00e3o e 20 anos na regra permanente. Para os segurados filiados antes da Reforma, isso pode representar 5 anos a menos de contribui\u00e7\u00e3o obrigat\u00f3ria.<\/em><\/p>\n\n\n\n<h1 class=\"wp-block-heading\"><strong>3. Aposentadoria Urbana, Rural e H\u00edbrida<\/strong><\/h1>\n\n\n\n<h2 class=\"wp-block-heading\"><strong>3.1 Aposentadoria por Idade Urbana<\/strong><\/h2>\n\n\n\n<p>Destinada a trabalhadores com v\u00ednculo empregat\u00edcio urbano, contribuintes individuais, Microempreendedores Individuais (MEIs) e segurados facultativos. Exige os requisitos da se\u00e7\u00e3o anterior conforme a regra aplic\u00e1vel ao seu caso.<\/p>\n\n\n\n<h2 class=\"wp-block-heading\"><strong>3.2 Aposentadoria por Idade Rural<\/strong><\/h2>\n\n\n\n<p>A Reforma da Previd\u00eancia n\u00e3o alterou as regras da aposentadoria rural. Os requisitos s\u00e3o:<\/p>\n\n\n\n<ul class=\"wp-block-list\">\n<li>Mulheres: 55 anos de idade + 15 anos de atividade rural comprovada<\/li>\n\n\n\n<li>Homens: 60 anos de idade + 15 anos de atividade rural comprovada<\/li>\n<\/ul>\n\n\n\n<p>T\u00eam direito o trabalhador rural, o pescador artesanal e o segurado especial (produtor rural em regime de economia familiar). O valor \u00e9 de um sal\u00e1rio m\u00ednimo para o segurado especial. A comprova\u00e7\u00e3o do tempo rural exige documenta\u00e7\u00e3o espec\u00edfica e, frequentemente, a apresenta\u00e7\u00e3o de prova documental e testemunhal perante o INSS ou a Justi\u00e7a Federal.<\/p>\n\n\n\n<h2 class=\"wp-block-heading\"><strong>3.3 Aposentadoria H\u00edbrida (Mista)<\/strong><\/h2>\n\n\n\n<p>A aposentadoria h\u00edbrida permite somar per\u00edodos de trabalho rural e urbano para completar a car\u00eancia de 15 anos. \u00c9 uma modalidade importante para quem migrou do campo para a cidade ao longo da vida. O trabalhador deve cumprir a idade m\u00ednima urbana (62 anos para mulheres e 65 para homens), mas pode combinar os dois per\u00edodos para atingir a car\u00eancia necess\u00e1ria.<\/p>\n\n\n\n<p><em>Muitos trabalhadores no Rio de Janeiro t\u00eam per\u00edodos de atividade rural n\u00e3o reconhecidos pelo INSS. O escrit\u00f3rio Deivison de Oliveira Advocacia realiza o levantamento completo do hist\u00f3rico contributivo para identificar se voc\u00ea tem direito \u00e0 aposentadoria h\u00edbrida ou rural.<\/em><\/p>\n\n\n\n<h1 class=\"wp-block-heading\"><strong>4. Regras de Transi\u00e7\u00e3o que Mudam em 2026<\/strong><\/h1>\n\n\n\n<p>As regras de transi\u00e7\u00e3o criadas pela Reforma da Previd\u00eancia (EC 103\/2019) avan\u00e7am um degrau a cada ano. Em 2026, duas delas ficaram mais exigentes. Entender esse cen\u00e1rio \u00e9 essencial para o planejamento previdenci\u00e1rio.<\/p>\n\n\n\n<h2 class=\"wp-block-heading\"><strong>4.1 Sistema de Pontos<\/strong><\/h2>\n\n\n\n<p>A regra de pontos \u00e9 a soma da idade com o tempo de contribui\u00e7\u00e3o. Em 2026:<\/p>\n\n\n\n<ul class=\"wp-block-list\">\n<li>Mulheres: 93 pontos + m\u00ednimo de 30 anos de contribui\u00e7\u00e3o<\/li>\n\n\n\n<li>Homens: 103 pontos + m\u00ednimo de 35 anos de contribui\u00e7\u00e3o<\/li>\n<\/ul>\n\n\n\n<h2 class=\"wp-block-heading\"><strong>4.2 Idade M\u00ednima Progressiva<\/strong><\/h2>\n\n\n\n<p>A idade m\u00ednima desta regra cresce seis meses a cada ano. Em 2026:<\/p>\n\n\n\n<ul class=\"wp-block-list\">\n<li>Mulheres: 59 anos e 6 meses + 30 anos de contribui\u00e7\u00e3o<\/li>\n\n\n\n<li>Homens: 64 anos e 6 meses + 35 anos de contribui\u00e7\u00e3o<\/li>\n<\/ul>\n\n\n\n<h2 class=\"wp-block-heading\"><strong>4.3 Ped\u00e1gio de 50%<\/strong><\/h2>\n\n\n\n<p>Destinada a quem estava a at\u00e9 dois anos de se aposentar em novembro de 2019. Exige cumprir um per\u00edodo adicional equivalente \u00e0 metade do tempo que faltava. N\u00e3o exige idade m\u00ednima adicional.<\/p>\n\n\n\n<h2 class=\"wp-block-heading\"><strong>4.4 Ped\u00e1gio de 100%<\/strong><\/h2>\n\n\n\n<p>Exige o dobro do tempo que faltava para se aposentar na data da Reforma, mais uma idade m\u00ednima de 57 anos (mulheres) ou 60 anos (homens).<\/p>\n\n\n\n<p><em>Planejamento previdenci\u00e1rio em 2026: a escolha da regra mais vantajosa pode significar diferen\u00e7a consider\u00e1vel no valor mensal e na data de aposentadoria. Para trabalhadores com hist\u00f3rico contributivo complexo \u2014 per\u00edodos como aut\u00f4nomo, emprego informal, atividade rural ou especial \u2014, a an\u00e1lise personalizada pelo Dr. Deivison \u00e9 o caminho mais seguro antes de dar entrada no pedido.<\/em><\/p>\n\n\n\n<p><strong>Tem d\u00favida sobre qual regra se aplica ao seu caso? Entre em contato com o escrit\u00f3rio Deivison de Oliveira Advocacia: (21) 97945-0443 | advogadoinssrj.com<\/strong><\/p>\n\n\n\n<h1 class=\"wp-block-heading\"><strong>5. Como \u00e9 Calculado o Valor da Aposentadoria por Idade<\/strong><\/h1>\n\n\n\n<h2 class=\"wp-block-heading\"><strong>5.1 C\u00e1lculo da M\u00e9dia<\/strong><\/h2>\n\n\n\n<p>Somam-se todos os sal\u00e1rios de contribui\u00e7\u00e3o desde julho de 1994, corrigidos monetariamente, e divide-se pelo n\u00famero de meses contribu\u00eddos. Ap\u00f3s a Reforma da Previd\u00eancia, n\u00e3o h\u00e1 mais descarte dos 20% menores sal\u00e1rios: todas as contribui\u00e7\u00f5es entram no c\u00e1lculo, o que pode reduzir a m\u00e9dia final em rela\u00e7\u00e3o \u00e0s regras antigas.<\/p>\n\n\n\n<h2 class=\"wp-block-heading\"><strong>5.2 Aplica\u00e7\u00e3o do Coeficiente<\/strong><\/h2>\n\n\n\n<p>O benef\u00edcio come\u00e7a em 60% da m\u00e9dia. Acrescentam-se 2% para cada ano de contribui\u00e7\u00e3o que ultrapassar:<\/p>\n\n\n\n<ul class=\"wp-block-list\">\n<li>15 anos \u2014 para mulheres<\/li>\n\n\n\n<li>20 anos \u2014 para homens (regra permanente)<\/li>\n<\/ul>\n\n\n\n<h2 class=\"wp-block-heading\"><strong>5.3 Exemplo Pr\u00e1tico<\/strong><\/h2>\n\n\n\n<p>Maria, 62 anos, m\u00e9dia de contribui\u00e7\u00f5es de <strong>R$ 3.000,00<\/strong> e exatamente 20 anos de contribui\u00e7\u00e3o:<\/p>\n\n\n\n<ul class=\"wp-block-list\">\n<li>Tempo excedente: 20 \u2212 15 = 5 anos \u2192 acr\u00e9scimo de 10%<\/li>\n\n\n\n<li>Coeficiente: 60% + 10% = 70%<\/li>\n\n\n\n<li>Valor do benef\u00edcio: R$ 3.000,00 \u00d7 70% = R$ 2.100,00 mensais<\/li>\n<\/ul>\n\n\n\n<h2 class=\"wp-block-heading\"><strong>5.4 Piso e Teto do INSS em 2026<\/strong><\/h2>\n\n\n\n<ul class=\"wp-block-list\">\n<li>Piso (sal\u00e1rio m\u00ednimo): R$ 1.621,00<\/li>\n\n\n\n<li>Teto previdenci\u00e1rio: R$ 8.475,55<\/li>\n<\/ul>\n\n\n\n<p><em>Aten\u00e7\u00e3o ao direito adquirido: para quem j\u00e1 preenchia os requisitos antes de novembro de 2019, as regras de c\u00e1lculo pr\u00e9-Reforma \u2014 que utilizavam o coeficiente a partir de 70% e descartavam os 20% menores sal\u00e1rios \u2014 podem resultar em benef\u00edcio significativamente maior. A compara\u00e7\u00e3o entre as regras deve ser feita antes de dar entrada no pedido.<\/em><\/p>\n\n\n\n<h1 class=\"wp-block-heading\"><strong>6. Direito Adquirido: Posso me Aposentar pelas Regras Antigas?<\/strong><\/h1>\n\n\n\n<p>Quem cumpriu todos os requisitos para aposentadoria por idade antes de 13 de novembro de 2019 possui direito adquirido e pode requerer o benef\u00edcio pelas regras anteriores \u00e0 Reforma, mesmo que ainda n\u00e3o tenha dado entrada no pedido.<\/p>\n\n\n\n<p>Pelas regras antigas (pr\u00e9-Reforma), os requisitos eram:<\/p>\n\n\n\n<ul class=\"wp-block-list\">\n<li>Mulheres: 60 anos de idade + 180 contribui\u00e7\u00f5es (15 anos)<\/li>\n\n\n\n<li>Homens: 65 anos de idade + 180 contribui\u00e7\u00f5es (15 anos)<\/li>\n<\/ul>\n\n\n\n<p>As regras de c\u00e1lculo pr\u00e9-Reforma tamb\u00e9m podem ser mais vantajosas: o coeficiente iniciava em 70% (n\u00e3o em 60%) e era poss\u00edvel descartar os 20% menores sal\u00e1rios da m\u00e9dia. Em muitos casos, o benef\u00edcio calculado pelas regras antigas \u00e9 superior ao das novas, e o segurado pode escolher a regra mais favor\u00e1vel.<\/p>\n\n\n\n<p><em>Se voc\u00ea completou 60 anos (mulher) ou 65 anos (homem) e j\u00e1 tinha 15 anos de contribui\u00e7\u00e3o antes de novembro de 2019, h\u00e1 grande chance de ter direito adquirido. O escrit\u00f3rio Deivison de Oliveira Advocacia pode realizar essa verifica\u00e7\u00e3o gratuitamente na consulta inicial.<\/em><\/p>\n\n\n\n<h1 class=\"wp-block-heading\"><strong>7. Documentos Necess\u00e1rios para Dar Entrada<\/strong><\/h1>\n\n\n\n<h2 class=\"wp-block-heading\"><strong>Documentos Pessoais<\/strong><\/h2>\n\n\n\n<ul class=\"wp-block-list\">\n<li>Documento de identidade com foto (RG, CNH ou passaporte)<\/li>\n\n\n\n<li>CPF<\/li>\n\n\n\n<li>Certid\u00e3o de nascimento ou casamento<\/li>\n\n\n\n<li>Comprovante de resid\u00eancia atualizado<\/li>\n<\/ul>\n\n\n\n<h2 class=\"wp-block-heading\"><strong>Documentos Previdenci\u00e1rios e de V\u00ednculo<\/strong><\/h2>\n\n\n\n<ul class=\"wp-block-list\">\n<li>Carteira de Trabalho (CTPS) \u2014 todas as folhas com registro<\/li>\n\n\n\n<li>Extrato do CNIS (Cadastro Nacional de Informa\u00e7\u00f5es Sociais) \u2014 obtido pelo Meu INSS<\/li>\n\n\n\n<li>Carn\u00eas de contribui\u00e7\u00e3o (contribuintes individuais e facultativos)<\/li>\n\n\n\n<li>Declara\u00e7\u00e3o de Imposto de Renda \u2014 quando houver contribui\u00e7\u00f5es como aut\u00f4nomo<\/li>\n<\/ul>\n\n\n\n<h2 class=\"wp-block-heading\"><strong>Documentos Espec\u00edficos para Trabalhador Rural<\/strong><\/h2>\n\n\n\n<ul class=\"wp-block-list\">\n<li>Declara\u00e7\u00e3o do sindicato rural ou col\u00f4nia de pescadores<\/li>\n\n\n\n<li>Notas fiscais de venda de produ\u00e7\u00e3o, contratos de arrendamento ou parceria rural<\/li>\n\n\n\n<li>Blocos de produtor rural ou cadastros em \u00f3rg\u00e3os agr\u00e1rios<\/li>\n<\/ul>\n\n\n\n<p><em>Antes de dar entrada, verifique o extrato do CNIS no Meu INSS e confirme se todos os per\u00edodos de trabalho est\u00e3o corretamente registrados. Erros e omiss\u00f5es no CNIS s\u00e3o uma das principais causas de indeferimento e de redu\u00e7\u00e3o indevida do valor do benef\u00edcio. O escrit\u00f3rio pode verificar isso por voc\u00ea.<\/em><\/p>\n\n\n\n<h1 class=\"wp-block-heading\"><strong>8. Como Solicitar a Aposentadoria no Meu INSS \u2014 Passo a Passo<\/strong><\/h1>\n\n\n\n<p>O pedido pode ser feito pelo portal meu.inss.gov.br ou pelo aplicativo Meu INSS (Android e iOS). Veja o passo a passo:<\/p>\n\n\n\n<ol class=\"wp-block-list\">\n<li>Acesse o portal meu.inss.gov.br ou o aplicativo e fa\u00e7a login com sua conta Gov.br.<\/li>\n\n\n\n<li>Na tela inicial, clique em &#8220;Agendamentos\/Solicita\u00e7\u00f5es&#8221; e depois em &#8220;Novo Requerimento&#8221;.<\/li>\n\n\n\n<li>Busque por &#8220;Aposentadoria por Idade&#8221; e selecione a modalidade: urbana, rural ou h\u00edbrida.<\/li>\n\n\n\n<li>Preencha o formul\u00e1rio e anexe digitalmente os documentos solicitados.<\/li>\n\n\n\n<li>Confirme o envio. Voc\u00ea receber\u00e1 protocolo por SMS ou e-mail.<\/li>\n\n\n\n<li>Acompanhe pelo Meu INSS. O prazo legal para an\u00e1lise \u00e9 de at\u00e9 45 dias.<\/li>\n<\/ol>\n\n\n\n<p>Caso prefira atendimento presencial, o pedido pode ser feito em qualquer ag\u00eancia do INSS mediante agendamento pr\u00e9vio pelo telefone 135 ou pelo pr\u00f3prio portal.<\/p>\n\n\n\n<p><em>Se o INSS demorar al\u00e9m do prazo legal ou indeferir o pedido sem motivo leg\u00edtimo, \u00e9 poss\u00edvel buscar a via judicial para garantir o direito. O escrit\u00f3rio Deivison de Oliveira Advocacia atua tanto na fase administrativa quanto no ajuizamento de a\u00e7\u00f5es previdenci\u00e1rias perante a Justi\u00e7a Federal no Rio de Janeiro e em todo o Brasil.<\/em><\/p>\n\n\n\n<h1 class=\"wp-block-heading\"><strong>9. Quando Cabe Revis\u00e3o da Aposentadoria<\/strong><\/h1>\n\n\n\n<p>A revis\u00e3o de aposentadoria \u00e9 poss\u00edvel quando o benef\u00edcio foi concedido com valor inferior ao devido. As situa\u00e7\u00f5es mais comuns que justificam uma an\u00e1lise de revis\u00e3o s\u00e3o:<\/p>\n\n\n\n<ul class=\"wp-block-list\">\n<li>Per\u00edodos de contribui\u00e7\u00e3o n\u00e3o reconhecidos pelo INSS no c\u00e1lculo original<\/li>\n\n\n\n<li>Sal\u00e1rios de contribui\u00e7\u00e3o lan\u00e7ados com valor incorreto no CNIS<\/li>\n\n\n\n<li>N\u00e3o aplica\u00e7\u00e3o das regras pr\u00e9-Reforma para quem tem direito adquirido<\/li>\n\n\n\n<li>Atividade rural ou especial n\u00e3o computada corretamente<\/li>\n\n\n\n<li>C\u00e1lculo realizado com metodologia equivocada ou divisor m\u00ednimo incorreto<\/li>\n\n\n\n<li>Benef\u00edcio concedido sem aplica\u00e7\u00e3o da Revis\u00e3o da Vida Toda, quando favor\u00e1vel<\/li>\n<\/ul>\n\n\n\n<p>O prazo para revis\u00e3o administrativa \u00e9 de dez anos a contar da concess\u00e3o do benef\u00edcio (art. 103 da Lei 8.213\/91). Na via judicial, o prazo e o fundamento podem variar conforme o tipo de revis\u00e3o pretendida e o hist\u00f3rico jurisprudencial aplic\u00e1vel.<\/p>\n\n\n\n<p><em>Se voc\u00ea recebe aposentadoria por idade h\u00e1 menos de dez anos e tem d\u00favida se o valor est\u00e1 correto, uma an\u00e1lise previdenci\u00e1ria pode identificar diferen\u00e7as a receber \u2014 inclusive com pagamento retroativo. O Dr. Deivison realiza essa avalia\u00e7\u00e3o a partir do extrato do CNIS e dos dados do benef\u00edcio.<\/em><\/p>\n\n\n\n<h1 class=\"wp-block-heading\"><strong>Conclus\u00e3o<\/strong><\/h1>\n\n\n\n<p>A aposentadoria por idade \u00e9 o caminho mais acess\u00edvel para a maioria dos trabalhadores brasileiros. Em 2026, as regras definitivas permaneceram est\u00e1veis \u2014 62 anos para mulheres e 65 para homens, com 15 anos de contribui\u00e7\u00e3o \u2014 mas o cen\u00e1rio geral das regras de transi\u00e7\u00e3o ficou mais exigente, tornando o planejamento previdenci\u00e1rio antecipado ainda mais importante.<\/p>\n\n\n\n<p>A escolha da regra mais vantajosa, a verifica\u00e7\u00e3o do hist\u00f3rico de contribui\u00e7\u00f5es e a an\u00e1lise do c\u00e1lculo do benef\u00edcio s\u00e3o etapas que podem representar diferen\u00e7a significativa no valor mensal recebido ao longo de toda a aposentadoria. Para quem est\u00e1 pr\u00f3ximo de completar os requisitos, j\u00e1 teve pedido negado ou recebe benef\u00edcio com d\u00favidas sobre o valor, a consulta ao Dr. Jos\u00e9 Deivison de Oliveira \u00e9 o caminho mais seguro.<\/p>\n\n\n\n<p><\/p>\n\n\n\n<p><\/p>\n\n\n\n<p><strong>Sobre o Autor<\/strong><\/p>\n\n\n\n<p>Dr. Jos\u00e9 Deivison de Oliveira | OAB\/RJ 186.125 | Advogado especialista em Direito Previdenci\u00e1rio e Direito do Trabalho. Atua com foco em aposentadorias, benef\u00edcios por incapacidade, revis\u00f5es de benef\u00edcio, planejamento previdenci\u00e1rio e a\u00e7\u00f5es trabalhistas individuais. Escrit\u00f3rio f\u00edsico no Rio de Janeiro e atendimento online em todo o Brasil.<\/p>\n\n\n\n<p>advogadoinssrj.com&nbsp; |&nbsp; Instagram: @deivisonadvocacia&nbsp; |&nbsp; LinkedIn: Jos\u00e9 Deivison de Oliveira Coutinho<\/p>\n","protected":false},"excerpt":{"rendered":"<p>Requisitos, Regras de Transi\u00e7\u00e3o, C\u00e1lculo e Como Solicitar em 2026 Por Dr. Jos\u00e9 Deivison de Oliveira&nbsp; |&nbsp; OAB\/RJ 186.125&nbsp; |&nbsp; Especialista em Direito Previdenci\u00e1rio e Trabalhista Escrit\u00f3rio no Rio de Janeiro | Atendimento online em todo o Brasil | advogadoinssrj.com A aposentadoria por idade \u00e9 o benef\u00edcio previdenci\u00e1rio mais buscado no Brasil. S\u00f3 em 2025, [&hellip;]<\/p>\n","protected":false},"author":1,"featured_media":2537,"comment_status":"open","ping_status":"open","sticky":false,"template":"","format":"standard","meta":{"_monsterinsights_skip_tracking":false,"_monsterinsights_sitenote_active":false,"_monsterinsights_sitenote_note":"","_monsterinsights_sitenote_category":0,"_uf_show_specific_survey":0,"_uf_disable_surveys":false,"footnotes":""},"categories":[11],"tags":[17,13,19,15,20,14,21,18,12],"class_list":["post-2536","post","type-post","status-publish","format-standard","has-post-thumbnail","hentry","category-artigo","tag-advogado-inss-rio-de-janeiro-l","tag-advogado-previdenciario-rio-de-janeiro","tag-advogado-trabalhista-rio-de-janeiro","tag-aposentadoria-por-idade","tag-causa-trabalhista","tag-como-posso-me-aposentar","tag-direito-do-consumidor","tag-meu-inss","tag-revisao-da-vida-toda","wpbf-post"],"_links":{"self":[{"href":"https:\/\/advogadoinssrj.com\/index.php\/wp-json\/wp\/v2\/posts\/2536","targetHints":{"allow":["GET"]}}],"collection":[{"href":"https:\/\/advogadoinssrj.com\/index.php\/wp-json\/wp\/v2\/posts"}],"about":[{"href":"https:\/\/advogadoinssrj.com\/index.php\/wp-json\/wp\/v2\/types\/post"}],"author":[{"embeddable":true,"href":"https:\/\/advogadoinssrj.com\/index.php\/wp-json\/wp\/v2\/users\/1"}],"replies":[{"embeddable":true,"href":"https:\/\/advogadoinssrj.com\/index.php\/wp-json\/wp\/v2\/comments?post=2536"}],"version-history":[{"count":1,"href":"https:\/\/advogadoinssrj.com\/index.php\/wp-json\/wp\/v2\/posts\/2536\/revisions"}],"predecessor-version":[{"id":2538,"href":"https:\/\/advogadoinssrj.com\/index.php\/wp-json\/wp\/v2\/posts\/2536\/revisions\/2538"}],"wp:featuredmedia":[{"embeddable":true,"href":"https:\/\/advogadoinssrj.com\/index.php\/wp-json\/wp\/v2\/media\/2537"}],"wp:attachment":[{"href":"https:\/\/advogadoinssrj.com\/index.php\/wp-json\/wp\/v2\/media?parent=2536"}],"wp:term":[{"taxonomy":"category","embeddable":true,"href":"https:\/\/advogadoinssrj.com\/index.php\/wp-json\/wp\/v2\/categories?post=2536"},{"taxonomy":"post_tag","embeddable":true,"href":"https:\/\/advogadoinssrj.com\/index.php\/wp-json\/wp\/v2\/tags?post=2536"}],"curies":[{"name":"wp","href":"https:\/\/api.w.org\/{rel}","templated":true}]}}