{"id":2555,"date":"2026-04-30T09:12:55","date_gmt":"2026-04-30T12:12:55","guid":{"rendered":"https:\/\/advogadoinssrj.com\/?p=2555"},"modified":"2026-04-30T09:49:49","modified_gmt":"2026-04-30T12:49:49","slug":"como-dar-entrada-na-aposentadoria-por-idade-em-2025-passo-a-passo-completo-para-nao-errar","status":"publish","type":"post","link":"https:\/\/advogadoinssrj.com\/index.php\/2026\/04\/30\/como-dar-entrada-na-aposentadoria-por-idade-em-2025-passo-a-passo-completo-para-nao-errar\/","title":{"rendered":"Como dar entrada na aposentadoria por idade em 2026: Passo a passo completo para n\u00e3o errar"},"content":{"rendered":"\n<p class=\"has-black-color has-text-color has-link-color wp-elements-fb127d748c381d3106bd5d0f07b2a2bc\"><em>Tempo de leitura: aproximadamente 12 minutos<\/em><\/p>\n\n\n\n<p class=\"has-black-color has-text-color has-link-color wp-elements-30addb1ed69e471d0103ed43335c3a9d\">Voc\u00ea trabalhou a vida inteira. Contribuiu para o INSS durante anos \u2014 \u00e0s vezes d\u00e9cadas. E agora chegou a hora de pedir o que \u00e9 seu por direito: a aposentadoria por idade. Mas na hora de sentar na frente do computador ou ir a uma ag\u00eancia, bate aquela d\u00favida: por onde come\u00e7o? Quais documentos preciso? Posso fazer online? E se o INSS negar?<\/p>\n\n\n\n<p class=\"has-black-color has-text-color has-link-color wp-elements-586fcfebe69f331724ab6e96985416fe\">Se voc\u00ea est\u00e1 nessa situa\u00e7\u00e3o \u2014 ou acompanhando um familiar que est\u00e1 \u2014 este artigo foi escrito para voc\u00ea. Vou te explicar tudo o que voc\u00ea precisa saber para dar entrada na aposentadoria por idade de forma correta, sem cometer os erros mais comuns que fazem o INSS indeferir o benef\u00edcio.<\/p>\n\n\n\n<p class=\"has-black-color has-text-color has-link-color wp-elements-b4b885e8fb4b0d668678f183648feaf9\">Vamos do in\u00edcio.<\/p>\n\n\n\n<hr class=\"wp-block-separator has-alpha-channel-opacity\"\/>\n\n\n\n<h3 class=\"wp-block-heading\">O que \u00e9 a aposentadoria por idade e quem tem direito<\/h3>\n\n\n\n<p class=\"has-black-color has-text-color has-link-color wp-elements-15a91f2a6fdf652b08dbb40103c5f465\">A aposentadoria por idade \u00e9 um benef\u00edcio previdenci\u00e1rio \u2014 ou seja, pago pelo INSS \u2014 destinado a quem atingiu determinada idade m\u00ednima e cumpriu um per\u00edodo m\u00ednimo de contribui\u00e7\u00f5es ao longo da vida. Ela est\u00e1 prevista no artigo 201, inciso I, da Constitui\u00e7\u00e3o Federal de 1988, e regulamentada pela Lei 8.213\/1991 (a chamada Lei de Benef\u00edcios da Previd\u00eancia Social) e pelo Decreto 3.048\/1999.<\/p>\n\n\n\n<p class=\"has-black-color has-text-color has-link-color wp-elements-40a34d87f31d9c87cdae6697ee3d3668\">Existem dois grupos principais de segurados que podem pedir esse benef\u00edcio: os trabalhadores urbanos e os trabalhadores rurais. As regras s\u00e3o diferentes para cada um, e entender essa diferen\u00e7a \u00e9 fundamental antes de dar qualquer passo.<\/p>\n\n\n\n<h4 class=\"wp-block-heading\">Para trabalhadores urbanos<\/h4>\n\n\n\n<p class=\"has-black-color has-text-color has-link-color wp-elements-0177528f1207da0b22147c4b02f6db0a\">Se voc\u00ea trabalhou com carteira assinada, foi contribuinte individual (aut\u00f4nomo, MEI, profissional liberal), ou contribuiu de qualquer outra forma para o INSS como trabalhador urbano, as regras s\u00e3o:<\/p>\n\n\n\n<ul class=\"wp-block-list\">\n<li class=\"has-black-color has-text-color has-link-color wp-elements-0d471a8cba02dcb67b61bc44c05c0b3c\"><strong>Idade m\u00ednima:<\/strong> 65 anos para homens e 62 anos para mulheres<\/li>\n\n\n\n<li class=\"has-black-color has-text-color has-link-color wp-elements-5dba4b07e466a2f94e13d89f74e1915c\"><strong>Car\u00eancia (per\u00edodo m\u00ednimo de contribui\u00e7\u00e3o):<\/strong> 180 meses \u2014 ou seja, 15 anos de contribui\u00e7\u00f5es ao INSS<\/li>\n<\/ul>\n\n\n\n<p class=\"has-black-color has-text-color has-link-color wp-elements-8ac72ffaeed4b2b0359256b9bdf40638\">Aten\u00e7\u00e3o: a idade m\u00ednima das mulheres foi alterada pela Reforma da Previd\u00eancia de 2019 (Emenda Constitucional n\u00ba 103\/2019). Antes era 60 anos. Agora \u00e9 62 anos. Se voc\u00ea \u00e9 mulher e j\u00e1 tinha 60 anos em novembro de 2019, pode ter direito por regra de transi\u00e7\u00e3o \u2014 detalharemos isso mais adiante.<\/p>\n\n\n\n<h4 class=\"wp-block-heading\">Para trabalhadores rurais<\/h4>\n\n\n\n<p class=\"has-black-color has-text-color has-link-color wp-elements-f155f284dca733b083483ff68b82c538\">Se voc\u00ea trabalhou no campo \u2014 como produtor rural, pescador artesanal, garimpeiro em regime de subsist\u00eancia ou membro de comunidade ind\u00edgena \u2014 a regra \u00e9 diferente:<\/p>\n\n\n\n<ul class=\"wp-block-list\">\n<li class=\"has-black-color has-text-color has-link-color wp-elements-1a42ba0a03950233a94fa9a69ffd69a6\"><strong>Idade m\u00ednima:<\/strong> 60 anos para homens e 55 anos para mulheres<\/li>\n\n\n\n<li class=\"has-black-color has-text-color has-link-color wp-elements-0ac82eaf2cbade3f1ff3f88e94c9fa20\"><strong>Car\u00eancia:<\/strong> 180 meses de exerc\u00edcio de atividade rural, ainda que de forma descont\u00ednua<\/li>\n<\/ul>\n\n\n\n<p class=\"has-black-color has-text-color has-link-color wp-elements-a2f2e9ac4667efd6050c66e698970505\">O trabalhador rural que n\u00e3o contribuiu regularmente com o INSS pode ainda assim ter direito ao benef\u00edcio, desde que comprove o exerc\u00edcio da atividade rural pelo per\u00edodo exigido. Isso \u00e9 fundamental: o INSS exige prova documental dessa atividade, e muita gente perde o benef\u00edcio por n\u00e3o saber como fazer essa comprova\u00e7\u00e3o corretamente.<\/p>\n\n\n\n<hr class=\"wp-block-separator has-alpha-channel-opacity\"\/>\n\n\n\n<h3 class=\"wp-block-heading\">Como funciona na pr\u00e1tica: Dois exemplos reais<\/h3>\n\n\n\n<p class=\"has-black-color has-text-color has-link-color wp-elements-abd139d7d32f1f232713cd817d98167c\">Antes de falar sobre o passo a passo, dois exemplos para contextualizar.<\/p>\n\n\n\n<p class=\"has-black-color has-text-color has-link-color wp-elements-b60714e47ee0d706fef6b981448c3235\"><strong>Exemplo 1 \u2014 Trabalhador urbano:<\/strong> Seu Jos\u00e9 tem 66 anos. Trabalhou com carteira assinada por 20 anos em uma f\u00e1brica no Rio de Janeiro, depois ficou desempregado por 3 anos, e nos \u00faltimos 2 anos contribuiu como aut\u00f4nomo. No total, tem 22 anos de contribui\u00e7\u00e3o. Ele atende os dois requisitos: tem mais de 65 anos e mais de 15 anos de contribui\u00e7\u00e3o. Pode pedir a aposentadoria por idade agora.<\/p>\n\n\n\n<p class=\"has-black-color has-text-color has-link-color wp-elements-d4d60bda4315d70a5e2382c944186d53\"><strong>Exemplo 2 \u2014 Trabalhadora rural:<\/strong> Dona Maria tem 58 anos e sempre trabalhou na ro\u00e7a em Minas Gerais, junto com o marido, como produtora rural familiar. Ela nunca contribuiu diretamente com o INSS. Com 58 anos, ainda n\u00e3o atingiu a idade m\u00ednima de 55 anos para mulher rural&#8230; espera, ela j\u00e1 passou! Com 58 anos e comprovando 15 anos de atividade rural, ela pode pedir o benef\u00edcio. O problema: ela n\u00e3o tem documentos suficientes organizados. Vai precisar de orienta\u00e7\u00e3o para n\u00e3o ter o pedido negado.<\/p>\n\n\n\n<p class=\"has-black-color has-text-color has-link-color wp-elements-6c86a4018caafd4336757f82e32750db\">Esses dois exemplos mostram que cada caso tem uma particularidade. O processo parece simples no papel, mas os detalhes fazem toda a diferen\u00e7a.<\/p>\n\n\n\n<hr class=\"wp-block-separator has-alpha-channel-opacity\"\/>\n\n\n\n<h3 class=\"wp-block-heading\">O que a Lei diz: Requisitos Legais detalhados<\/h3>\n\n\n\n<p class=\"has-black-color has-text-color has-link-color wp-elements-b3efa84b624d09de25760d19906fc935\">Vamos ser precisos aqui, porque o INSS vai analisar cada ponto.<\/p>\n\n\n\n<h4 class=\"wp-block-heading\">Car\u00eancia: O que conta como contribui\u00e7\u00e3o?<\/h4>\n\n\n\n<p class=\"has-black-color has-text-color has-link-color wp-elements-4df11d0c9647d55aa98363e7c6f4c23c\">Car\u00eancia \u00e9 o n\u00famero m\u00ednimo de meses em que o segurado precisa ter contribu\u00eddo para o INSS. Para a aposentadoria por idade, s\u00e3o exigidos <strong>180 meses de car\u00eancia<\/strong> (artigo 25, inciso II, da Lei 8.213\/1991).<\/p>\n\n\n\n<p class=\"has-black-color has-text-color has-link-color wp-elements-abfb3a374171e0aec5b8e58e37a64e59\">Contam para a car\u00eancia:<\/p>\n\n\n\n<ul class=\"wp-block-list\">\n<li class=\"has-black-color has-text-color has-link-color wp-elements-2f26e18264fc330817021a2a60e3326c\">Meses trabalhados com carteira assinada (o empregador desconta o INSS do seu sal\u00e1rio)<\/li>\n\n\n\n<li class=\"has-black-color has-text-color has-link-color wp-elements-d1b24c8c4714e2b1797585ac13fbc486\">Meses em que voc\u00ea contribuiu como aut\u00f4nomo, MEI, profissional liberal ou contribuinte individual<\/li>\n\n\n\n<li class=\"has-black-color has-text-color has-link-color wp-elements-5ce008e83dab5f0af018a4c66a0b4c35\">Per\u00edodos de recebimento de aux\u00edlio-doen\u00e7a ou aux\u00edlio por incapacidade tempor\u00e1ria<\/li>\n\n\n\n<li class=\"has-black-color has-text-color has-link-color wp-elements-f6f63a34fa3569c54ebeacafa8f6845d\">Per\u00edodos de atividade rural devidamente comprovados<\/li>\n<\/ul>\n\n\n\n<p class=\"has-black-color has-text-color has-link-color wp-elements-ed8a4460cb43b49842345734a0b5f7cf\"><strong>N\u00e3o contam para car\u00eancia:<\/strong> per\u00edodos em que voc\u00ea simplesmente n\u00e3o contribuiu \u2014 mesmo que estivesse trabalhando informalmente.<\/p>\n\n\n\n<h4 class=\"wp-block-heading\">A quest\u00e3o da qualidade de segurado<\/h4>\n\n\n\n<p class=\"has-black-color has-text-color has-link-color wp-elements-c86c3e69413d9a59b3fb962661443c88\">Existe um conceito importante chamado &#8220;qualidade de segurado&#8221;. Significa que voc\u00ea precisa estar na condi\u00e7\u00e3o ativa de segurado do INSS ou no chamado &#8220;per\u00edodo de gra\u00e7a&#8221; (o prazo ap\u00f3s a \u00faltima contribui\u00e7\u00e3o em que voc\u00ea ainda mant\u00e9m seus direitos previdenci\u00e1rios).<\/p>\n\n\n\n<p class=\"has-black-color has-text-color has-link-color wp-elements-3c4da142729c6da546d194ca2935f437\">Para a aposentadoria por idade, h\u00e1 uma boa not\u00edcia: mesmo que voc\u00ea tenha perdido a qualidade de segurado, pode ainda ter direito ao benef\u00edcio, desde que j\u00e1 tenha cumprido os 180 meses de car\u00eancia e atingido a idade m\u00ednima. \u00c9 o que prev\u00ea o artigo 3\u00ba da Lei 10.666\/2003. Mas esse \u00e9 um ponto t\u00e9cnico que exige an\u00e1lise cuidadosa.<\/p>\n\n\n\n<h4 class=\"wp-block-heading\">Regra de Transi\u00e7\u00e3o para mulheres urbanas<\/h4>\n\n\n\n<p class=\"has-black-color has-text-color has-link-color wp-elements-971edd14fea8507346e40d53d2c98bee\">A Reforma da Previd\u00eancia criou regras de transi\u00e7\u00e3o para mulheres que j\u00e1 tinham come\u00e7ado a contribuir antes de novembro de 2019. Se voc\u00ea \u00e9 mulher urbana e n\u00e3o atingiu ainda os 62 anos, verifique se se enquadra em alguma dessas situa\u00e7\u00f5es:<\/p>\n\n\n\n<ul class=\"wp-block-list\">\n<li class=\"has-black-color has-text-color has-link-color wp-elements-c241a1257ccb06a4f60ac99046e251bf\">Se j\u00e1 tinha 60 anos em novembro de 2019: pode ter direito com 60 anos (regra anterior ainda v\u00e1lida para esse grupo espec\u00edfico)<\/li>\n\n\n\n<li class=\"has-black-color has-text-color has-link-color wp-elements-94980605a77d38e78633a31039b14b32\">Escalonamento progressivo: a partir de 2020, a idade m\u00ednima foi subindo gradualmente de 60 para 62 anos, aumentando 6 meses por ano<\/li>\n<\/ul>\n\n\n\n<p class=\"has-black-color has-text-color has-link-color wp-elements-679bb4a220c03df5128d5d43c6f3b23f\">O melhor a fazer nesse caso \u00e9 consultar um advogado previdenci\u00e1rio para avaliar exatamente qual regra se aplica ao seu caso.<\/p>\n\n\n\n<hr class=\"wp-block-separator has-alpha-channel-opacity\"\/>\n\n\n\n<h3 class=\"wp-block-heading\">Os documentos que voc\u00ea vai precisar<\/h3>\n\n\n\n<p class=\"has-black-color has-text-color has-link-color wp-elements-e0ed121bf88eb72e4d6a4186bdf8f739\">Essa \u00e9 a parte onde muita gente trope\u00e7a. Separei a lista por tipo de segurado.<\/p>\n\n\n\n<h4 class=\"wp-block-heading\">Documentos gerais (todo segurado)<\/h4>\n\n\n\n<ul class=\"wp-block-list\">\n<li class=\"has-black-color has-text-color has-link-color wp-elements-6ec55878695332735f6530b6a3fc0eeb\">RG ou CNH (documento de identidade com foto)<\/li>\n\n\n\n<li class=\"has-black-color has-text-color has-link-color wp-elements-a56efc11af52bd66dea59a7a8522e794\">CPF<\/li>\n\n\n\n<li class=\"has-black-color has-text-color has-link-color wp-elements-b9cf87e84145ff926e1d8f2541f4f283\">Comprovante de resid\u00eancia atualizado (at\u00e9 3 meses)<\/li>\n\n\n\n<li class=\"has-black-color has-text-color has-link-color wp-elements-8d6cdb789ec091211031558cabfd3844\">Carteira de Trabalho e Previd\u00eancia Social (CTPS) \u2014 f\u00edsica ou digital<\/li>\n\n\n\n<li class=\"has-black-color has-text-color has-link-color wp-elements-410f57f12c60755a9378ac5e00799b0c\">Extrato do CNIS (Cadastro Nacional de Informa\u00e7\u00f5es Sociais) \u2014 voc\u00ea pode baixar pelo aplicativo Meu INSS ou acessando o site gov.br\/inss<\/li>\n<\/ul>\n\n\n\n<p class=\"has-black-color has-text-color has-link-color wp-elements-427e3a277a6ee85b4c0613d104513b71\">O CNIS \u00e9 um documento fundamental. \u00c9 nele que constam todos os v\u00ednculos empregat\u00edcios e per\u00edodos de contribui\u00e7\u00e3o registrados no INSS. Antes de dar entrada no pedido, acesse o CNIS e confira se todos os seus per\u00edodos de trabalho est\u00e3o l\u00e1. Se algum per\u00edodo estiver faltando, o INSS n\u00e3o vai considerar automaticamente \u2014 voc\u00ea vai precisar comprovar.<\/p>\n\n\n\n<h4 class=\"wp-block-heading\">Documentos adicionais para trabalhadores urbanos<\/h4>\n\n\n\n<ul class=\"wp-block-list\">\n<li class=\"has-black-color has-text-color has-link-color wp-elements-6adbceae7b40fa139063b5d704026bc8\">Extrato do PIS\/PASEP<\/li>\n\n\n\n<li class=\"has-black-color has-text-color has-link-color wp-elements-3ca891b064081bba2d34b2ca99d3b509\">Contracheques, holerites ou declara\u00e7\u00f5es de empregadores (para per\u00edodos que n\u00e3o aparecem no CNIS)<\/li>\n\n\n\n<li class=\"has-black-color has-text-color has-link-color wp-elements-d7dad6f82aa344636059a6f8765735bb\">Certid\u00e3o de nascimento ou casamento (para comprova\u00e7\u00e3o de dados cadastrais)<\/li>\n<\/ul>\n\n\n\n<h4 class=\"wp-block-heading\">Documentos espec\u00edficos para trabalhadores rurais<\/h4>\n\n\n\n<p class=\"has-black-color has-text-color has-link-color wp-elements-04d96459fffa6623b105b954ed9091d7\">Essa \u00e9 a parte mais delicada. O INSS exige comprova\u00e7\u00e3o documental da atividade rural. Os documentos aceitos incluem:<\/p>\n\n\n\n<ul class=\"wp-block-list\">\n<li class=\"has-black-color has-text-color has-link-color wp-elements-9eb18c4122bcc961a9ff4fe35dd75abb\">Contrato de arrendamento, parceria ou comodato rural<\/li>\n\n\n\n<li class=\"has-black-color has-text-color has-link-color wp-elements-d972ff5cc5f4ca9eec9e9c3f7c0dc527\">Notas fiscais de venda de produ\u00e7\u00e3o rural<\/li>\n\n\n\n<li class=\"has-black-color has-text-color has-link-color wp-elements-eeff3ba553c550e28464bdfde5776fb0\">Declara\u00e7\u00e3o de aptid\u00e3o ao Pronaf (DAP) ou Cadastro Nacional da Agricultura Familiar (CAF)<\/li>\n\n\n\n<li class=\"has-black-color has-text-color has-link-color wp-elements-59a8b4c194bb5bb30e5406700b7a7aa0\">Certid\u00e3o de sindicato de trabalhadores rurais<\/li>\n\n\n\n<li class=\"has-black-color has-text-color has-link-color wp-elements-647122a57546b418540c50cd49a13915\">Escritura de im\u00f3vel rural<\/li>\n\n\n\n<li class=\"has-black-color has-text-color has-link-color wp-elements-1745fafbcee984bc74973f5fab827c48\">Imposto Territorial Rural (ITR)<\/li>\n\n\n\n<li class=\"has-black-color has-text-color has-link-color wp-elements-890df01593b95e05b561d64321e85592\">Fotografias com identifica\u00e7\u00e3o de local e data<\/li>\n\n\n\n<li class=\"has-black-color has-text-color has-link-color wp-elements-ffcc83f286c9f832c21f2d1af4a35cb0\">Certid\u00f5es de nascimento dos filhos que mencionem a profiss\u00e3o do requerente como lavrador ou agricultor<\/li>\n\n\n\n<li class=\"has-black-color has-text-color has-link-color wp-elements-3ae8764c42c53d4e54b6f7b168670e2e\">Declara\u00e7\u00e3o de testemunhas com firma reconhecida<\/li>\n<\/ul>\n\n\n\n<p class=\"has-black-color has-text-color has-link-color wp-elements-3701d7786edb1e5c1d11535db6e72754\">Aten\u00e7\u00e3o: o INSS n\u00e3o aceita apenas a palavra do solicitante. \u00c9 necess\u00e1ria documenta\u00e7\u00e3o. Quanto mais documentos, melhor. E documentos mais antigos, que comprovem atividade nos per\u00edodos mais remotos, t\u00eam peso especial.<\/p>\n\n\n\n<hr class=\"wp-block-separator has-alpha-channel-opacity\"\/>\n\n\n\n<h3 class=\"wp-block-heading\">O passo a passo para dar entrada<\/h3>\n\n\n\n<p class=\"has-black-color has-text-color has-link-color wp-elements-976b8c5a358329ba5ea5f75e1dceae93\">Agora o que voc\u00ea veio buscar: como fazer o pedido na pr\u00e1tica.<\/p>\n\n\n\n<h4 class=\"wp-block-heading\">Passo 1 \u2014 Acesse o aplicativo Meu INSS ou o Site<\/h4>\n\n\n\n<p class=\"has-black-color has-text-color has-link-color wp-elements-691dbf81f7681f74cb597941c3037486\">O canal principal para pedido de aposentadoria por idade hoje \u00e9 o <strong>aplicativo Meu INSS<\/strong> (dispon\u00edvel para Android e iOS) ou o site <strong>meu.inss.gov.br<\/strong>.<\/p>\n\n\n\n<p class=\"has-black-color has-text-color has-link-color wp-elements-38d417807e804e6d828f238deba948e2\">Para acessar, voc\u00ea precisa ter login no Gov.br com n\u00edvel de conta <strong>Prata ou Ouro<\/strong>. Se ainda n\u00e3o tem, crie sua conta no site gov.br \u2014 o processo \u00e9 simples e pode ser feito pelo celular.<\/p>\n\n\n\n<h4 class=\"wp-block-heading\">Passo 2 \u2014 Verifique o CNIS antes de tudo<\/h4>\n\n\n\n<p class=\"has-black-color has-text-color has-link-color wp-elements-f71872a4658078a8f64f411d6bfd52b4\">Dentro do Meu INSS, acesse a op\u00e7\u00e3o &#8220;Extrato de Contribui\u00e7\u00f5es&#8221; e confira todos os seus per\u00edodos de contribui\u00e7\u00e3o. Veja se as datas batem com o que voc\u00ea trabalhou. Se faltar algum per\u00edodo, voc\u00ea pode solicitar a atualiza\u00e7\u00e3o ainda dentro do aplicativo, mas esse processo pode demorar \u2014 e \u00e9 a\u00ed que a orienta\u00e7\u00e3o jur\u00eddica pode fazer diferen\u00e7a.<\/p>\n\n\n\n<h4 class=\"wp-block-heading\">Passo 3 \u2014 Solicite o benef\u00edcio<\/h4>\n\n\n\n<p class=\"has-black-color has-text-color has-link-color wp-elements-478d3ee9a7366c2bedacdcb2d044afec\">Dentro do Meu INSS, clique em &#8220;Novo Pedido&#8221; e busque por &#8220;Aposentadoria por Idade&#8221;. O sistema vai te fazer uma s\u00e9rie de perguntas sobre seu hist\u00f3rico de trabalho. Responda com aten\u00e7\u00e3o.<\/p>\n\n\n\n<p class=\"has-black-color has-text-color has-link-color wp-elements-bff3449d06634de6ce03629044090ab0\">Voc\u00ea vai poder agendar uma per\u00edcia ou atendimento presencial se necess\u00e1rio, mas muitos pedidos s\u00e3o analisados de forma administrativa (ou seja, sem per\u00edcia m\u00e9dica \u2014 que n\u00e3o \u00e9 exigida nesse tipo de benef\u00edcio).<\/p>\n\n\n\n<h4 class=\"wp-block-heading\">Passo 4 \u2014 Envie a documenta\u00e7\u00e3o<\/h4>\n\n\n\n<p class=\"has-black-color has-text-color has-link-color wp-elements-d86c0a20a570623d988833919763c296\">O sistema vai solicitar o envio de documentos digitalizados. Organize os documentos listados anteriormente, digitalize com boa qualidade (arquivos PDF ou JPG) e fa\u00e7a o upload pelo aplicativo.<\/p>\n\n\n\n<p class=\"has-black-color has-text-color has-link-color wp-elements-d19316e7e936dd2d7f9a1a08f35a7a6f\">Se for trabalhador rural, re\u00fana o m\u00e1ximo de documentos poss\u00edvel antes de iniciar o pedido.<\/p>\n\n\n\n<h4 class=\"wp-block-heading\">Passo 5 \u2014 Acompanhe o andamento<\/h4>\n\n\n\n<p class=\"has-black-color has-text-color has-link-color wp-elements-fdc4f45ea187c273235d4542de7b73cf\">Ap\u00f3s o pedido, voc\u00ea recebe um n\u00famero de protocolo. Acompanhe o andamento pelo aplicativo Meu INSS, em &#8220;Consultar Pedidos&#8221;. O prazo legal para o INSS analisar \u00e9 de <strong>45 dias \u00fateis<\/strong>. Na pr\u00e1tica, costuma demorar entre 30 e 90 dias dependendo da fila e da complexidade do caso.<\/p>\n\n\n\n<h4 class=\"wp-block-heading\">Passo 6 \u2014 Receba a decis\u00e3o<\/h4>\n\n\n\n<p class=\"has-black-color has-text-color has-link-color wp-elements-3229f122a9332ac6eae95fd3d88d779d\">O INSS vai te comunicar por carta e pelo aplicativo se o benef\u00edcio foi <strong>deferido<\/strong> (aprovado) ou <strong>indeferido<\/strong> (negado). Se for negado, n\u00e3o desanime \u2014 h\u00e1 recursos e alternativas, que explicarei a seguir.<\/p>\n\n\n\n<hr class=\"wp-block-separator has-alpha-channel-opacity\"\/>\n\n\n\n<h3 class=\"wp-block-heading\">Erros comuns que fazem o INSS negar o benef\u00edcio<\/h3>\n\n\n\n<p class=\"has-black-color has-text-color has-link-color wp-elements-67e86a83f5edd8287681dc9531980f56\">N\u00e3o basta dar entrada \u2014 \u00e9 preciso dar entrada do jeito certo. Esses s\u00e3o os erros mais comuns:<\/p>\n\n\n\n<p class=\"has-black-color has-text-color has-link-color wp-elements-1717a46b10e290c446e81171c3eae828\"><strong>1. N\u00e3o conferir o CNIS antes do pedido.<\/strong> Se o INSS n\u00e3o encontrar os 180 meses de contribui\u00e7\u00e3o no sistema, vai negar. Muitos per\u00edodos de trabalho ficam fora do CNIS porque o empregador n\u00e3o recolheu o INSS corretamente. Isso precisa ser corrigido antes do pedido.<\/p>\n\n\n\n<p class=\"has-black-color has-text-color has-link-color wp-elements-2211328fa83706d92503999e40035619\"><strong>2. Falta de documenta\u00e7\u00e3o rural.<\/strong> Para trabalhadores rurais, a aus\u00eancia de documentos que comprovem a atividade no campo \u00e9 o principal motivo de indeferimento. O INSS \u00e9 rigoroso nessa exig\u00eancia.<\/p>\n\n\n\n<p class=\"has-black-color has-text-color has-link-color wp-elements-7907c32745c26bfd12433de5f3fd214e\"><strong>3. N\u00e3o observar as regras de transi\u00e7\u00e3o.<\/strong> Muitas mulheres entre 60 e 62 anos n\u00e3o sabem que podem ter direito por regra de transi\u00e7\u00e3o. Pedir de forma errada pode resultar em negativa.<\/p>\n\n\n\n<p class=\"has-black-color has-text-color has-link-color wp-elements-c3568a0d1cc7d5a65c5282dbbd4e609f\"><strong>4. C\u00e1lculo errado da car\u00eancia.<\/strong> Contar os anos errados, incluir per\u00edodos sem contribui\u00e7\u00e3o ou confundir per\u00edodos de trabalho informal com contribui\u00e7\u00f5es ao INSS.<\/p>\n\n\n\n<p class=\"has-black-color has-text-color has-link-color wp-elements-0dc2cb33fb68152baf12036f6e216dc3\"><strong>5. Documentos ileg\u00edveis ou incompletos.<\/strong> O sistema digital do INSS rejeita documentos mal digitalizados ou que n\u00e3o comprovam claramente o per\u00edodo alegado.<\/p>\n\n\n\n<hr class=\"wp-block-separator has-alpha-channel-opacity\"\/>\n\n\n\n<h3 class=\"wp-block-heading\">Quando procurar um advogado previdenci\u00e1rio<\/h3>\n\n\n\n<p class=\"has-black-color has-text-color has-link-color wp-elements-51916515d82179a790fc863488720b0f\">Alguns casos pedem orienta\u00e7\u00e3o profissional antes mesmo de dar entrada no pedido. Voc\u00ea deve considerar isso se:<\/p>\n\n\n\n<ul class=\"wp-block-list\">\n<li class=\"has-black-color has-text-color has-link-color wp-elements-a476a86c778cf1c60a5bc6a14d9afd0f\">Tem per\u00edodos de trabalho que n\u00e3o aparecem no CNIS<\/li>\n\n\n\n<li class=\"has-black-color has-text-color has-link-color wp-elements-84d84900a250cedbf56fdece48bf2c75\">Trabalhou como rur\u00edcola (trabalhador rural) sem contribuir ao INSS<\/li>\n\n\n\n<li class=\"has-black-color has-text-color has-link-color wp-elements-b9e7fba5c9d69448bf96554dbcc882b1\">Teve o benef\u00edcio negado e quer recorrer<\/li>\n\n\n\n<li class=\"has-black-color has-text-color has-link-color wp-elements-d62f07eb4b3856f45eadeea71c53d08c\">Recebeu uma carta de exig\u00eancia do INSS pedindo mais documentos e n\u00e3o sabe o que enviar<\/li>\n\n\n\n<li class=\"has-black-color has-text-color has-link-color wp-elements-30a6bf05ee264929ab1ea73de1e0494e\">Est\u00e1 na faixa de transi\u00e7\u00e3o das regras da Reforma da Previd\u00eancia e n\u00e3o sabe qual regra se aplica a voc\u00ea<\/li>\n\n\n\n<li class=\"has-black-color has-text-color has-link-color wp-elements-43bd3747bdebdb735dacce28ec99ab25\">Quer garantir que vai receber o valor mais alto poss\u00edvel (o c\u00e1lculo do benef\u00edcio tem vari\u00e1veis importantes)<\/li>\n\n\n\n<li class=\"has-black-color has-text-color has-link-color wp-elements-e798fb7b729466aa41232af08eb904a4\">Contribuiu para o INSS em mais de um regime (ex: trabalhou com carteira e tamb\u00e9m como aut\u00f4nomo)<\/li>\n<\/ul>\n\n\n\n<p class=\"has-black-color has-text-color has-link-color wp-elements-c80bfa2edef3296328aa24815792167a\">Um advogado especializado em Direito Previdenci\u00e1rio pode analisar seu hist\u00f3rico completo, identificar per\u00edodos que est\u00e3o faltando no CNIS, orientar sobre a documenta\u00e7\u00e3o correta e, se necess\u00e1rio, ingressar com a\u00e7\u00e3o judicial para garantir o seu direito.<\/p>\n\n\n\n<p class=\"has-black-color has-text-color has-link-color wp-elements-9227b044185628421f4f214550a98f9b\">O escrit\u00f3rio <strong>Deivison de Oliveira Sociedade Individual de Advocacia<\/strong> atua exclusivamente nas \u00e1reas de Direito Previdenci\u00e1rio e Direito do Trabalho, com atendimento presencial no Rio de Janeiro e online em todo o Brasil. Se voc\u00ea tem d\u00favidas sobre o seu caso, acesse <strong>advogadoinssrj.com<\/strong> e agende uma consulta.<\/p>\n\n\n\n<hr class=\"wp-block-separator has-alpha-channel-opacity\"\/>\n\n\n\n<h3 class=\"wp-block-heading\">Conclus\u00e3o<\/h3>\n\n\n\n<p class=\"has-black-color has-text-color has-link-color wp-elements-bfcd2640c4fcafd0b11dc5c74e81e2ee\">Dar entrada na aposentadoria por idade n\u00e3o precisa ser um bicho de sete cabe\u00e7as \u2014 mas exige aten\u00e7\u00e3o. Voc\u00ea precisa verificar se realmente cumpre os requisitos (idade e car\u00eancia), organizar a documenta\u00e7\u00e3o correta para o seu perfil (urbano ou rural), fazer o pedido pelo canal adequado (Meu INSS) e acompanhar o andamento.<\/p>\n\n\n\n<p class=\"has-black-color has-text-color has-link-color wp-elements-0025b0e839a1b13e60c2455f55cb792c\">Se o processo parecer complicado, se voc\u00ea tiver lacunas no CNIS ou se o INSS negar o benef\u00edcio, n\u00e3o enfrente isso sozinho. Um advogado previdenci\u00e1rio pode fazer a diferen\u00e7a entre continuar esperando e finalmente receber o que voc\u00ea merece.<\/p>\n\n\n\n<p class=\"has-black-color has-text-color has-link-color wp-elements-2cccf272ceeda6eaeedf5edd3c09ebea\"><strong>Voc\u00ea trabalhou por isso. Vamos garantir que voc\u00ea receba.<\/strong><\/p>\n\n\n\n<p class=\"has-black-color has-text-color has-link-color wp-elements-51faf18e3c0babacad91183638559787\">\ud83d\udc49 Acesse <strong>advogadoinssrj.com<\/strong> para falar com um advogado especializado em aposentadoria. Atendemos no Rio de Janeiro e em todo o Brasil de forma online.<\/p>\n\n\n\n<hr class=\"wp-block-separator has-alpha-channel-opacity\"\/>\n\n\n\n<h3 class=\"wp-block-heading\">Perguntas Frequentes (FAQ)<\/h3>\n\n\n\n<p class=\"has-black-color has-text-color has-link-color wp-elements-5b9fbe9d7c6fd4052368c0cb99dd9fce\"><strong>1. Posso pedir a aposentadoria por idade sem ter carteira assinada em todos os per\u00edodos?<\/strong> Sim. Contribui\u00e7\u00f5es como aut\u00f4nomo, MEI ou contribuinte individual tamb\u00e9m contam para a car\u00eancia. O importante \u00e9 que as contribui\u00e7\u00f5es estejam devidamente registradas no CNIS. Per\u00edodos de trabalho informal sem recolhimento ao INSS, no entanto, n\u00e3o contam automaticamente.<\/p>\n\n\n\n<p class=\"has-black-color has-text-color has-link-color wp-elements-2dd05e3293d5e0770ba904916847ad90\"><strong>2. Quanto tempo demora para o INSS aprovar a aposentadoria por idade?<\/strong> O prazo legal \u00e9 de 45 dias \u00fateis. Na pr\u00e1tica, o tempo m\u00e9dio varia entre 30 e 90 dias, dependendo do volume de processos na ag\u00eancia e da completude da documenta\u00e7\u00e3o enviada. Pedidos com documenta\u00e7\u00e3o incompleta costumam demorar mais.<\/p>\n\n\n\n<p class=\"has-black-color has-text-color has-link-color wp-elements-3012fdeedb83faa6595979fc16e7ee74\"><strong>3. Posso dar entrada na aposentadoria por idade morando fora do Rio de Janeiro?<\/strong> Sim. O pedido pode ser feito 100% online pelo aplicativo Meu INSS, de qualquer lugar do Brasil. Da mesma forma, um advogado previdenci\u00e1rio pode te atender de forma totalmente remota.<\/p>\n\n\n\n<p class=\"has-black-color has-text-color has-link-color wp-elements-18fa038e5d2d70b813d71582eb72ba24\"><strong>4. O que fazer se o INSS negar a aposentadoria por idade?<\/strong> Voc\u00ea tem o direito de recorrer. O primeiro recurso \u00e9 administrativo \u2014 dentro do pr\u00f3prio INSS, pelo Meu INSS ou por ag\u00eancia. Se o recurso for negado, \u00e9 poss\u00edvel ingressar com a\u00e7\u00e3o judicial na Justi\u00e7a Federal. O prazo para o recurso administrativo \u00e9 de 30 dias ap\u00f3s o recebimento da decis\u00e3o. Um advogado previdenci\u00e1rio pode avaliar os motivos da negativa e indicar o melhor caminho.<\/p>\n\n\n\n<p class=\"has-black-color has-text-color has-link-color wp-elements-67aca10104a91cee2ac47e7c0d0833a3\"><strong>5. Trabalhei muito tempo na ro\u00e7a, mas nunca contribu\u00ed com o INSS. Tenho direito \u00e0 aposentadoria?<\/strong> Possivelmente sim. O trabalhador rural que exerceu atividade agr\u00edcola, pastoril ou pesqueira (em regime de subsist\u00eancia) tem direito \u00e0 aposentadoria por idade com 60 anos (homem) ou 55 anos (mulher), desde que comprove 15 anos de atividade rural. A comprova\u00e7\u00e3o \u00e9 feita por documentos \u2014 e esse \u00e9 o ponto mais sens\u00edvel do pedido. Busque orienta\u00e7\u00e3o jur\u00eddica para organizar essa documenta\u00e7\u00e3o antes de dar entrada.<\/p>\n\n\n\n<p class=\"has-black-color has-text-color has-link-color wp-elements-df386d9ce9f4742c0ae1038c93263098\"><strong>6. Posso receber aposentadoria por idade e continuar trabalhando?<\/strong> Sim. A aposentadoria por idade n\u00e3o impede a continuidade do trabalho. <\/p>\n\n\n\n<p class=\"has-black-color has-text-color has-link-color wp-elements-a43bf5c9afcaebd2dab2005f44f117f9\"><strong>7. Como \u00e9 calculado o valor da aposentadoria por idade?<\/strong> O c\u00e1lculo considera a m\u00e9dia de todos os sal\u00e1rios de contribui\u00e7\u00e3o do segurado desde julho de 1994 (ou desde a primeira contribui\u00e7\u00e3o, se posterior). Sobre essa m\u00e9dia, aplica-se o coeficiente do Fator Previdenci\u00e1rio (para quem se aposentou antes da Reforma) ou a f\u00f3rmula atual da EC 103\/2019, que garante 60% da m\u00e9dia mais 2% para cada ano de contribui\u00e7\u00e3o que exceder 20 anos (homem) ou 15 anos (mulher). Existe um valor m\u00ednimo garantido de um sal\u00e1rio m\u00ednimo.<\/p>\n\n\n\n<hr class=\"wp-block-separator has-alpha-channel-opacity\"\/>\n\n\n\n<h3 class=\"wp-block-heading\">Fontes e Refer\u00eancias<\/h3>\n\n\n\n<ul class=\"wp-block-list\">\n<li class=\"has-vivid-cyan-blue-color has-text-color has-link-color wp-elements-1e0a503e6678506845ae17eead624466\"><a href=\"https:\/\/www.planalto.gov.br\/ccivil_03\/constituicao\/constituicao.htm\">Constitui\u00e7\u00e3o Federal de 1988, arts. 7\u00ba, 201 e 203<\/a><\/li>\n\n\n\n<li class=\"has-vivid-cyan-blue-color has-text-color has-link-color wp-elements-64d637df1855fac2bf6e112abe664d00\"><a href=\"https:\/\/www.planalto.gov.br\/ccivil_03\/leis\/l8213cons.htm\">Lei n\u00ba 8.213\/1991 \u2014 Lei de Benef\u00edcios da Previd\u00eancia Social (especialmente arts. 25, 48 e 49)<\/a><\/li>\n\n\n\n<li class=\"has-vivid-cyan-blue-color has-text-color has-link-color wp-elements-e5deaaaffc131fcdc5bd50ea77785ad5\"><a href=\"https:\/\/www.planalto.gov.br\/ccivil_03\/leis\/l8212cons.htm\">Lei n\u00ba 8.212\/1991 \u2014 Lei de Custeio da Previd\u00eancia Sohttps:\/\/www.planalto.gov.br\/ccivil_03\/leis\/l8212cons.htmcial<\/a><\/li>\n\n\n\n<li class=\"has-vivid-cyan-blue-color has-text-color has-link-color wp-elements-b55d6afcccf1579fa942e381fe84a634\"><a href=\"https:\/\/www.planalto.gov.br\/ccivil_03\/decreto\/d3048.htm\">Decreto n\u00ba 3.048\/1999 \u2014 Regulamento da Previd\u00eancia Social<\/a><\/li>\n\n\n\n<li class=\"has-vivid-cyan-blue-color has-text-color has-link-color wp-elements-847df45a6c54a526aabc2393c28292be\"><a href=\"https:\/\/www.planalto.gov.br\/ccivil_03\/constituicao\/emendas\/emc\/emc103.htm\">Emenda Constitucional n\u00ba 103\/2019 \u2014 Reforma da Previd\u00eancia<\/a><\/li>\n\n\n\n<li class=\"has-vivid-cyan-blue-color has-text-color has-link-color wp-elements-f9d6e49ed2c2a81d279383c1dd7af85b\"><a href=\"https:\/\/www.planalto.gov.br\/ccivil_03\/leis\/2003\/l10.666.htm\">Lei n\u00ba 10.666\/2003 \u2014 art. 3\u00ba (perda e manuten\u00e7\u00e3o da qualidade de segurado)<\/a><\/li>\n\n\n\n<li class=\"has-vivid-cyan-blue-color has-text-color has-link-color wp-elements-d680f260639a006423b2a0a39baddda5\"><a href=\"https:\/\/www.in.gov.br\/en\/web\/dou\/-\/instrucao-normativa-pres\/inss-n-128-de-28-de-marco-de-2022-389275446\">Instru\u00e7\u00e3o Normativa PRES\/INSS n\u00ba 128\/2022 e atualiza\u00e7\u00f5es<\/a><\/li>\n\n\n\n<li class=\"has-vivid-cyan-blue-color has-text-color has-link-color wp-elements-40abfe121614d9f5a930b01b95d48e13\"><a href=\"https:\/\/www.gov.br\/inss\/pt-br\">Site oficial do INSS: gov.br\/inss<\/a><\/li>\n\n\n\n<li class=\"has-vivid-cyan-blue-color has-text-color has-link-color wp-elements-88fc6430934e8691c0484682b42d44fe\"><a href=\"https:\/\/meu.inss.gov.br\/#\/login\">Portal Meu INSS: meu.inss.gov.br<\/a><\/li>\n\n\n\n<li class=\"has-vivid-cyan-blue-color has-text-color has-link-color wp-elements-5913ce3076073e39ee2aa97912bb6a65\"><a href=\"https:\/\/processo.stj.jus.br\/repetitivos\/temas_repetitivos\/pesquisa.jsp?novaConsulta=true&amp;tipo_pesquisa=T&amp;cod_tema_inicial=995&amp;cod_tema_final=995\">Jurisprud\u00eancia do STJ \u2014 Tema 995 (revis\u00e3o de benef\u00edcios previdenci\u00e1rios)<\/a><\/li>\n\n\n\n<li class=\"has-vivid-cyan-blue-color has-text-color has-link-color wp-elements-94e4cd126713ca9c63ea047796c207c2\"><a href=\"https:\/\/www.trf2.jus.br\/trf2\/consultas-e-servicos\/jurisprudencia\">TRF-2\u00aa Regi\u00e3o \u2014 jurisprud\u00eancia sobre comprova\u00e7\u00e3o de atividade rural<\/a><\/li>\n<\/ul>\n\n\n\n<hr class=\"wp-block-separator has-alpha-channel-opacity\"\/>\n\n\n\n<p class=\"has-black-color has-text-color has-link-color wp-elements-585d85d9f53f33706d6442381b285f6f\"><em>Este artigo foi elaborado pelo Dr. Deivison de Oliveira (OAB\/RJ 186.125), advogado especialista em Direito Previdenci\u00e1rio e Direito do Trabalho, com atua\u00e7\u00e3o no Rio de Janeiro e em todo o Brasil. Para consulta, acesse advogadoinssrj.com.<\/em><\/p>\n\n\n\n<p><\/p>\n","protected":false},"excerpt":{"rendered":"<p>Tempo de leitura: aproximadamente 12 minutos Voc\u00ea trabalhou a vida inteira. Contribuiu para o INSS durante anos \u2014 \u00e0s vezes d\u00e9cadas. E agora chegou a hora de pedir o que \u00e9 seu por direito: a aposentadoria por idade. Mas na hora de sentar na frente do computador ou ir a uma ag\u00eancia, bate aquela d\u00favida: [&hellip;]<\/p>\n","protected":false},"author":1,"featured_media":2558,"comment_status":"open","ping_status":"open","sticky":false,"template":"","format":"standard","meta":{"_monsterinsights_skip_tracking":false,"_monsterinsights_sitenote_active":false,"_monsterinsights_sitenote_note":"","_monsterinsights_sitenote_category":0,"_uf_show_specific_survey":0,"_uf_disable_surveys":false,"footnotes":""},"categories":[11],"tags":[17,13,19,15,20,14,18],"class_list":["post-2555","post","type-post","status-publish","format-standard","has-post-thumbnail","hentry","category-artigo","tag-advogado-inss-rio-de-janeiro-l","tag-advogado-previdenciario-rio-de-janeiro","tag-advogado-trabalhista-rio-de-janeiro","tag-aposentadoria-por-idade","tag-causa-trabalhista","tag-como-posso-me-aposentar","tag-meu-inss","wpbf-post"],"_links":{"self":[{"href":"https:\/\/advogadoinssrj.com\/index.php\/wp-json\/wp\/v2\/posts\/2555","targetHints":{"allow":["GET"]}}],"collection":[{"href":"https:\/\/advogadoinssrj.com\/index.php\/wp-json\/wp\/v2\/posts"}],"about":[{"href":"https:\/\/advogadoinssrj.com\/index.php\/wp-json\/wp\/v2\/types\/post"}],"author":[{"embeddable":true,"href":"https:\/\/advogadoinssrj.com\/index.php\/wp-json\/wp\/v2\/users\/1"}],"replies":[{"embeddable":true,"href":"https:\/\/advogadoinssrj.com\/index.php\/wp-json\/wp\/v2\/comments?post=2555"}],"version-history":[{"count":8,"href":"https:\/\/advogadoinssrj.com\/index.php\/wp-json\/wp\/v2\/posts\/2555\/revisions"}],"predecessor-version":[{"id":2569,"href":"https:\/\/advogadoinssrj.com\/index.php\/wp-json\/wp\/v2\/posts\/2555\/revisions\/2569"}],"wp:featuredmedia":[{"embeddable":true,"href":"https:\/\/advogadoinssrj.com\/index.php\/wp-json\/wp\/v2\/media\/2558"}],"wp:attachment":[{"href":"https:\/\/advogadoinssrj.com\/index.php\/wp-json\/wp\/v2\/media?parent=2555"}],"wp:term":[{"taxonomy":"category","embeddable":true,"href":"https:\/\/advogadoinssrj.com\/index.php\/wp-json\/wp\/v2\/categories?post=2555"},{"taxonomy":"post_tag","embeddable":true,"href":"https:\/\/advogadoinssrj.com\/index.php\/wp-json\/wp\/v2\/tags?post=2555"}],"curies":[{"name":"wp","href":"https:\/\/api.w.org\/{rel}","templated":true}]}}