{"id":2570,"date":"2026-04-30T20:20:10","date_gmt":"2026-04-30T23:20:10","guid":{"rendered":"https:\/\/advogadoinssrj.com\/?p=2570"},"modified":"2026-04-30T22:30:39","modified_gmt":"2026-05-01T01:30:39","slug":"como-calcular-o-valor-da-aposentadoria-em-2025-guia-completo-para-nao-ser-surpreendido-pelo-inss","status":"publish","type":"post","link":"https:\/\/advogadoinssrj.com\/index.php\/2026\/04\/30\/como-calcular-o-valor-da-aposentadoria-em-2025-guia-completo-para-nao-ser-surpreendido-pelo-inss\/","title":{"rendered":"Como Calcular o Valor da Aposentadoria em 2026: Guia Completo Para N\u00e3o Ser Surpreendido Pelo INSS"},"content":{"rendered":"\t\t<div data-elementor-type=\"wp-post\" data-elementor-id=\"2570\" class=\"elementor elementor-2570\">\n\t\t\t\t\t\t<section class=\"elementor-section elementor-top-section elementor-element elementor-element-2890dc1a elementor-section-boxed elementor-section-height-default elementor-section-height-default\" data-id=\"2890dc1a\" data-element_type=\"section\" data-e-type=\"section\">\n\t\t\t\t\t\t<div class=\"elementor-container elementor-column-gap-default\">\n\t\t\t\t\t<div class=\"elementor-column elementor-col-100 elementor-top-column elementor-element elementor-element-64dc1f2\" data-id=\"64dc1f2\" data-element_type=\"column\" data-e-type=\"column\">\n\t\t\t<div class=\"elementor-widget-wrap elementor-element-populated\">\n\t\t\t\t\t\t<div class=\"elementor-element elementor-element-3b31adbc elementor-widget elementor-widget-text-editor\" data-id=\"3b31adbc\" data-element_type=\"widget\" data-e-type=\"widget\" data-widget_type=\"text-editor.default\">\n\t\t\t\t<div class=\"elementor-widget-container\">\n\t\t\t\t\t\t\t\t\t<p><span style=\"font-weight: 400; color: #000000;\">Imagine que voc\u00ea trabalhou por mais de 30 anos, pagou o INSS direitinho todos os meses, esperou a hora certa de se aposentar \u2014 e quando o benef\u00edcio chegou, o valor foi muito menor do que voc\u00ea esperava. Essa situa\u00e7\u00e3o \u00e9 mais comum do que parece. Todos os dias, no nosso escrit\u00f3rio, recebemos clientes que ficaram chocados com o valor da aposentadoria calculada pelo INSS.<\/span><\/p>\n<p><span style=\"font-weight: 400; color: #000000;\">A boa not\u00edcia \u00e9 que entender como esse c\u00e1lculo funciona n\u00e3o \u00e9 t\u00e3o complicado quanto parece \u2014 desde que algu\u00e9m explique de forma clara. E \u00e9 exatamente isso que vamos fazer neste artigo.<\/span><\/p>\n<p><span style=\"font-weight: 400; color: #000000;\">Voc\u00ea vai entender as regras vigentes em 2026, como o INSS calcula o valor do seu benef\u00edcio, quais s\u00e3o as armadilhas mais comuns e, principalmente, o que fazer se achar que est\u00e1 sendo prejudicado.<\/span><\/p>\n<p>\u00a0<\/p>\n<h2><span style=\"color: #000000;\"><b>O que \u00e9 o sal\u00e1rio de benef\u00edcio? Entenda o ponto de partida de tudo<\/b><\/span><\/h2>\n<p><span style=\"font-weight: 400; color: #000000;\">Antes de falar em valor final, voc\u00ea precisa conhecer um conceito central: o sal\u00e1rio de benef\u00edcio. Esse \u00e9 o n\u00famero que o INSS usa como base para calcular o quanto voc\u00ea vai receber. Tudo come\u00e7a a\u00ed.<\/span><\/p>\n<p><span style=\"font-weight: 400; color: #000000;\">O sal\u00e1rio de benef\u00edcio \u00e9 calculado com base nas suas contribui\u00e7\u00f5es ao longo da vida \u2014 mais especificamente, nos sal\u00e1rios sobre os quais voc\u00ea pagou o INSS. No jarg\u00e3o t\u00e9cnico, esses sal\u00e1rios se chamam sal\u00e1rios de contribui\u00e7\u00e3o.<\/span><\/p>\n<h3><span style=\"color: #000000;\"><b>O que s\u00e3o os sal\u00e1rios de contribui\u00e7\u00e3o?<\/b><\/span><\/h3>\n<p><span style=\"font-weight: 400; color: #000000;\">Sal\u00e1rios de contribui\u00e7\u00e3o s\u00e3o os valores sobre os quais voc\u00ea pagou INSS ao longo da sua vida laboral. Se voc\u00ea trabalhou com carteira assinada, esses valores constam no seu CNIS \u2014 o Cadastro Nacional de Informa\u00e7\u00f5es Sociais, que \u00e9 basicamente o hist\u00f3rico completo da sua vida contributiva perante o INSS.<\/span><\/p>\n<p><span style=\"font-weight: 400; color: #000000;\">Para acessar seu CNIS, basta entrar no aplicativo Meu INSS (dispon\u00edvel para Android e iOS) ou acessar o site gov.br\/inss. O CNIS mostra todos os v\u00ednculos empregat\u00edcios, os per\u00edodos de contribui\u00e7\u00e3o e os valores de cada compet\u00eancia.<\/span><\/p>\n<p><span style=\"color: #000000;\"><i><span style=\"font-weight: 400;\">Exemplo pr\u00e1tico 1: Imagine que Dona Maria trabalhou de 1990 a 2026, sempre com carteira assinada. Nos primeiros anos, seu sal\u00e1rio era menor. Com o tempo, foi crescendo. Todos esses sal\u00e1rios \u2014 corrigidos monetariamente \u2014 entram no c\u00e1lculo do INSS. A forma como esses valores s\u00e3o selecionados e combinados vai determinar o valor final da aposentadoria dela.<\/span><\/i><\/span><\/p>\n<p>\u00a0<\/p>\n<h2><span style=\"color: #000000;\"><b>Como o INSS calcula o valor da aposentadoria em 2026?<\/b><\/span><\/h2>\n<p><span style=\"font-weight: 400; color: #000000;\">O c\u00e1lculo passou por mudan\u00e7as importantes com a Reforma da Previd\u00eancia (Emenda Constitucional 103\/2019). Antes da reforma, havia uma f\u00f3rmula chamada &#8220;fator previdenci\u00e1rio&#8221; e outra chamada &#8220;85\/95 progressivo&#8221;. Ap\u00f3s a reforma, para quem ainda n\u00e3o havia se aposentado, as regras mudaram.<\/span><\/p>\n<p><span style=\"font-weight: 400; color: #000000;\">Em 2026, o c\u00e1lculo segue as seguintes etapas:<\/span><\/p>\n<h3><span style=\"color: #000000;\"><b>Passo 1: Calcular a m\u00e9dia dos sal\u00e1rios de contribui\u00e7\u00e3o<\/b><\/span><\/h3>\n<p><span style=\"font-weight: 400; color: #000000;\">O INSS pega todos os seus sal\u00e1rios de contribui\u00e7\u00e3o desde julho de 1994 (in\u00edcio do Plano Real) \u2014 ou desde quando voc\u00ea come\u00e7ou a trabalhar, se for depois disso \u2014 e calcula a m\u00e9dia aritm\u00e9tica desses valores, todos devidamente corrigidos pelo INPC (\u00cdndice Nacional de Pre\u00e7os ao Consumidor).<\/span><\/p>\n<p><span style=\"font-weight: 400; color: #000000;\">Aten\u00e7\u00e3o: aqui j\u00e1 existe uma primeira armadilha. Todos os sal\u00e1rios entram na m\u00e9dia, inclusive os mais baixos. Isso significa que um longo per\u00edodo com sal\u00e1rio m\u00ednimo vai puxar a sua m\u00e9dia para baixo.<\/span><\/p>\n<h3><span style=\"color: #000000;\"><b>Passo 2: Aplicar a al\u00edquota de acordo com o tempo de contribui\u00e7\u00e3o<\/b><\/span><\/h3>\n<p><span style=\"font-weight: 400; color: #000000;\">Sobre essa m\u00e9dia, o INSS aplica uma al\u00edquota progressiva, conforme determina a Reforma da Previd\u00eancia:<\/span><\/p>\n<table>\n<tbody>\n<tr>\n<td>\n<p><span style=\"color: #000000;\"><b>Tempo de Contribui\u00e7\u00e3o<\/b><\/span><\/p>\n<\/td>\n<td>\n<p><span style=\"color: #000000;\"><b>Al\u00edquota Aplicada<\/b><\/span><\/p>\n<\/td>\n<\/tr>\n<tr>\n<td>\n<p><span style=\"font-weight: 400; color: #000000;\">20 anos<\/span><\/p>\n<\/td>\n<td>\n<p><span style=\"font-weight: 400; color: #000000;\">60% da m\u00e9dia<\/span><\/p>\n<\/td>\n<\/tr>\n<tr>\n<td>\n<p><span style=\"font-weight: 400; color: #000000;\">21 anos<\/span><\/p>\n<\/td>\n<td>\n<p><span style=\"font-weight: 400; color: #000000;\">62%<\/span><\/p>\n<\/td>\n<\/tr>\n<tr>\n<td>\n<p><span style=\"font-weight: 400; color: #000000;\">22 anos<\/span><\/p>\n<\/td>\n<td>\n<p><span style=\"font-weight: 400; color: #000000;\">64%<\/span><\/p>\n<\/td>\n<\/tr>\n<tr>\n<td>\n<p><span style=\"font-weight: 400; color: #000000;\">23 anos<\/span><\/p>\n<\/td>\n<td>\n<p><span style=\"font-weight: 400; color: #000000;\">66%<\/span><\/p>\n<\/td>\n<\/tr>\n<tr>\n<td>\n<p><span style=\"font-weight: 400; color: #000000;\">24 anos<\/span><\/p>\n<\/td>\n<td>\n<p><span style=\"font-weight: 400; color: #000000;\">68%<\/span><\/p>\n<\/td>\n<\/tr>\n<tr>\n<td>\n<p><span style=\"font-weight: 400; color: #000000;\">25 anos<\/span><\/p>\n<\/td>\n<td>\n<p><span style=\"font-weight: 400; color: #000000;\">70%<\/span><\/p>\n<\/td>\n<\/tr>\n<tr>\n<td>\n<p><span style=\"font-weight: 400; color: #000000;\">+1 ano acima de 25<\/span><\/p>\n<\/td>\n<td>\n<p><span style=\"font-weight: 400; color: #000000;\">+2% por ano adicional<\/span><\/p>\n<\/td>\n<\/tr>\n<tr>\n<td>\n<p><span style=\"font-weight: 400; color: #000000;\">40 anos (homem)<\/span><\/p>\n<\/td>\n<td>\n<p><span style=\"font-weight: 400; color: #000000;\">100% da m\u00e9dia<\/span><\/p>\n<\/td>\n<\/tr>\n<tr>\n<td>\n<p><span style=\"font-weight: 400; color: #000000;\">35 anos (mulher)<\/span><\/p>\n<\/td>\n<td>\n<p><span style=\"font-weight: 400; color: #000000;\">100% da m\u00e9dia<\/span><\/p>\n<\/td>\n<\/tr>\n<\/tbody>\n<\/table>\n<p><span style=\"font-weight: 400; color: #000000;\">Isso significa que, para receber 100% da sua m\u00e9dia, um homem precisa ter 40 anos de contribui\u00e7\u00e3o e uma mulher, 35 anos.<\/span><\/p>\n<h3><span style=\"color: #000000;\"><b>Passo 3: Verificar o teto e o piso<\/b><\/span><\/h3>\n<p><span style=\"font-weight: 400; color: #000000;\">O valor calculado nunca pode ser inferior ao sal\u00e1rio m\u00ednimo (R$ 1.621,00 em 2026) nem superior ao teto do INSS (R$ 8.475,55 em 2026, conforme a Portaria Interministerial MPS\/MF n\u00ba 13, de 09 de janeiro de 2026).<\/span><\/p>\n<p><span style=\"color: #000000;\"><i><span style=\"font-weight: 400;\">Exemplo pr\u00e1tico 2: Seu Ricardo tem 65 anos, trabalhou por 30 anos com carteira assinada e sua m\u00e9dia de sal\u00e1rios de contribui\u00e7\u00e3o, ap\u00f3s a corre\u00e7\u00e3o, ficou em R$ 3.500,00. O INSS vai calcular: 30 anos = 80% (20 anos base = 60% + 10 anos adicionais \u00d7 2% = 20%). Resultado: 80% de R$ 3.500,00 = R$ 2.800,00 de aposentadoria. Se ele tivesse trabalhado apenas 20 anos, receberia 60% = R$ 2.100,00.<\/span><\/i><\/span><\/p>\n<p>\u00a0<\/p>\n<h2><span style=\"color: #000000;\"><b>As regras de transi\u00e7\u00e3o: para quem j\u00e1 estava no sistema antes de 2019<\/b><\/span><\/h2>\n<p><span style=\"font-weight: 400; color: #000000;\">Se voc\u00ea j\u00e1 contribu\u00eda para o INSS antes de novembro de 2019 (quando a Reforma entrou em vigor), voc\u00ea tem direito \u00e0s regras de transi\u00e7\u00e3o. Elas foram criadas justamente para n\u00e3o prejudicar quem estava no meio do caminho.<\/span><\/p>\n<p><span style=\"font-weight: 400; color: #000000;\">Existem cinco regras de transi\u00e7\u00e3o diferentes, e cada uma pode ser mais ou menos vantajosa dependendo do seu hist\u00f3rico. As principais s\u00e3o:<\/span><\/p>\n<h3><span style=\"color: #000000;\"><b>Ped\u00e1gio de 50%<\/b><\/span><\/h3>\n<p><span style=\"font-weight: 400; color: #000000;\">Para quem estava a menos de 2 anos de se aposentar em novembro de 2019. Nesse caso, voc\u00ea precisa cumprir metade do tempo que faltava como &#8220;ped\u00e1gio&#8221; adicional.<\/span><\/p>\n<h3><span style=\"color: #000000;\"><b>Ped\u00e1gio de 100%<\/b><\/span><\/h3>\n<p><span style=\"font-weight: 400; color: #000000;\">Para aposentadoria por tempo de contribui\u00e7\u00e3o sem idade m\u00ednima. Exige cumprir 100% do tempo faltante como ped\u00e1gio, al\u00e9m do tempo original.<\/span><\/p>\n<h3><span style=\"color: #000000;\"><b>Pontos progressivos<\/b><\/span><\/h3>\n<p><span style=\"font-weight: 400; color: #000000;\">Uma das regras mais usadas. Consiste em atingir uma pontua\u00e7\u00e3o m\u00ednima calculada somando sua idade + tempo de contribui\u00e7\u00e3o. Em 2026, os pontos necess\u00e1rios s\u00e3o:<\/span><\/p>\n<ul>\n<li style=\"font-weight: 400;\" aria-level=\"1\"><span style=\"font-weight: 400; color: #000000;\">Mulher: 87 pontos (com m\u00ednimo de 30 anos de contribui\u00e7\u00e3o e 57 anos de idade)<\/span><\/li>\n<li style=\"font-weight: 400;\" aria-level=\"1\"><span style=\"font-weight: 400; color: #000000;\">Homem: 97 pontos (com m\u00ednimo de 35 anos de contribui\u00e7\u00e3o e 62 anos de idade)<\/span><\/li>\n<\/ul>\n<h3><span style=\"color: #000000;\"><b>Idade progressiva<\/b><\/span><\/h3>\n<p><span style=\"font-weight: 400; color: #000000;\">Aposentadoria por idade com requisito crescente at\u00e9 2031 (65 anos para homens e 62 para mulheres).<\/span><\/p>\n<p><span style=\"color: #000000;\"><i><span style=\"font-weight: 400;\">\u26a0\ufe0f Importante: Nem sempre a regra mais \u00f3bvia \u00e9 a mais vantajosa. Um advogado previdenci\u00e1rio pode simular todas as regras e identificar qual delas gera o maior benef\u00edcio para o seu caso espec\u00edfico. Essa an\u00e1lise pode fazer diferen\u00e7a de centenas de reais por m\u00eas \u2014 por toda a vida.<\/span><\/i><\/span><\/p>\n<p>\u00a0<\/p>\n<h2><span style=\"color: #000000;\"><b>O que o INSS n\u00e3o te conta na hora do c\u00e1lculo<\/b><\/span><\/h2>\n<p><span style=\"font-weight: 400; color: #000000;\">Esse \u00e9 o ponto mais cr\u00edtico do artigo. O INSS n\u00e3o tem a obriga\u00e7\u00e3o \u2014 nem o interesse \u2014 de te explicar que existe uma forma de calcular seu benef\u00edcio mais favor\u00e1vel. Veja os erros mais comuns:<\/span><\/p>\n<h3><span style=\"color: #000000;\"><b>Erro 1: Aceitar o primeiro c\u00e1lculo sem questionar<\/b><\/span><\/h3>\n<p><span style=\"font-weight: 400; color: #000000;\">O INSS calcula automaticamente com base nos dados do CNIS. Mas e se o seu CNIS tiver erros? E se v\u00ednculos empregat\u00edcios estiverem faltando? E se contribui\u00e7\u00f5es como aut\u00f4nomo n\u00e3o foram registradas corretamente? Isso acontece com muito mais frequ\u00eancia do que se imagina.<\/span><\/p>\n<h3><span style=\"color: #000000;\"><b>Erro 2: N\u00e3o considerar o per\u00edodo de car\u00eancia corretamente<\/b><\/span><\/h3>\n<p><span style=\"font-weight: 400; color: #000000;\">Para se aposentar por idade, por exemplo, \u00e9 necess\u00e1rio ter no m\u00ednimo 180 contribui\u00e7\u00f5es mensais (15 anos). Se o INSS n\u00e3o reconhecer alguns v\u00ednculos, voc\u00ea pode ter a aposentadoria negada ou calculada com base em menos tempo.<\/span><\/p>\n<h3><span style=\"color: #000000;\"><b>Erro 3: Ignorar a possibilidade de revis\u00e3o<\/b><\/span><\/h3>\n<p><span style=\"font-weight: 400; color: #000000;\">Mesmo depois de concedido o benef\u00edcio, \u00e9 poss\u00edvel pedir a revis\u00e3o do c\u00e1lculo em determinadas situa\u00e7\u00f5es. O prazo decadencial para revis\u00e3o \u00e9 de 10 anos a partir da data de concess\u00e3o (art. 103 da Lei 8.213\/1991). Muita gente n\u00e3o sabe disso e perde o direito.<\/span><\/p>\n<h3><span style=\"color: #000000;\"><b>Erro 4: N\u00e3o incluir o per\u00edodo de servi\u00e7o especial<\/b><\/span><\/h3>\n<p><span style=\"font-weight: 400; color: #000000;\">Se voc\u00ea trabalhou em condi\u00e7\u00f5es insalubres ou perigosas (com exposi\u00e7\u00e3o a agentes nocivos como ru\u00eddo, produtos qu\u00edmicos, calor excessivo etc.), esse per\u00edodo pode ser convertido em tempo comum com um fator multiplicador. Se esse per\u00edodo n\u00e3o for computado, seu benef\u00edcio ser\u00e1 menor.<\/span><\/p>\n<h3><span style=\"color: #000000;\"><b>Erro 5: N\u00e3o pedir a an\u00e1lise da Revis\u00e3o da Vida Toda<\/b><\/span><\/h3>\n<p><span style=\"font-weight: 400; color: #000000;\">Em dezembro de 2022, o STF julgou o Tema 1.102 e permitiu que alguns segurados incluam no c\u00e1lculo contribui\u00e7\u00f5es anteriores a julho de 1994. Para quem tinha sal\u00e1rios altos antes do Plano Real, isso pode aumentar significativamente o valor do benef\u00edcio. O tema ainda tem desdobramentos pr\u00e1ticos importantes em 2026 \u2014 e exige an\u00e1lise caso a caso.<\/span><\/p>\n<p>\u00a0<\/p>\n<h2><span style=\"color: #000000;\"><b>Quando vale a pena consultar um advogado previdenci\u00e1rio?<\/b><\/span><\/h2>\n<p><span style=\"font-weight: 400; color: #000000;\">A resposta honesta \u00e9: quase sempre. N\u00e3o porque o processo seja imposs\u00edvel sem advogado, mas porque um profissional especializado consegue enxergar situa\u00e7\u00f5es que o segurado n\u00e3o v\u00ea \u2014 e que o INSS certamente n\u00e3o vai apontar.<\/span><\/p>\n<p><span style=\"font-weight: 400; color: #000000;\">Vale consultar um advogado previdenci\u00e1rio especialmente quando:<\/span><\/p>\n<ul>\n<li style=\"font-weight: 400;\" aria-level=\"1\"><span style=\"font-weight: 400; color: #000000;\">O valor da aposentadoria foi muito menor do que voc\u00ea esperava<\/span><\/li>\n<li style=\"font-weight: 400;\" aria-level=\"1\"><span style=\"font-weight: 400; color: #000000;\">Voc\u00ea tem per\u00edodos de trabalho que n\u00e3o aparecem no CNIS<\/span><\/li>\n<li style=\"font-weight: 400;\" aria-level=\"1\"><span style=\"font-weight: 400; color: #000000;\">Voc\u00ea trabalhou em condi\u00e7\u00f5es insalubres ou perigosas<\/span><\/li>\n<li style=\"font-weight: 400;\" aria-level=\"1\"><span style=\"font-weight: 400; color: #000000;\">O INSS negou o benef\u00edcio por falta de car\u00eancia ou tempo de contribui\u00e7\u00e3o<\/span><\/li>\n<li style=\"font-weight: 400;\" aria-level=\"1\"><span style=\"font-weight: 400; color: #000000;\">Voc\u00ea quer saber qual regra de transi\u00e7\u00e3o \u00e9 mais vantajosa para o seu caso<\/span><\/li>\n<li style=\"font-weight: 400;\" aria-level=\"1\"><span style=\"font-weight: 400; color: #000000;\">Voc\u00ea quer revisar um benef\u00edcio j\u00e1 concedido<\/span><\/li>\n<li style=\"font-weight: 400;\" aria-level=\"1\"><span style=\"font-weight: 400; color: #000000;\">Voc\u00ea \u00e9 trabalhador rural e precisa provar o tempo de atividade no campo<\/span><\/li>\n<\/ul>\n<p><span style=\"font-weight: 400; color: #000000;\">Nos casos em que o benef\u00edcio j\u00e1 foi concedido com valor menor do que o correto, muitas a\u00e7\u00f5es de revis\u00e3o s\u00e3o resolvidas na esfera judicial \u2014 e o segurado pode receber os valores retroativos referentes \u00e0 diferen\u00e7a dos \u00faltimos 5 anos.<\/span><\/p>\n<p>\u00a0<\/p>\n<h2><span style=\"color: #000000;\"><b>Conclus\u00e3o: conhecer o c\u00e1lculo \u00e9 o primeiro passo para n\u00e3o perder dinheiro<\/b><\/span><\/h2>\n<p><span style=\"font-weight: 400; color: #000000;\">Entender como o INSS calcula sua aposentadoria n\u00e3o \u00e9 um luxo \u2014 \u00e9 uma necessidade. A diferen\u00e7a entre um benef\u00edcio bem calculado e um mal calculado pode ser de R$ 500, R$ 1.000 ou at\u00e9 mais por m\u00eas, multiplicados por d\u00e9cadas de recebimento.<\/span><\/p>\n<p><span style=\"font-weight: 400; color: #000000;\">Se voc\u00ea tem d\u00favidas sobre o valor da sua aposentadoria \u2014 seja antes ou depois de concedida \u2014 a orienta\u00e7\u00e3o mais importante \u00e9: n\u00e3o decida sozinho. Um advogado previdenci\u00e1rio especializado pode fazer a simula\u00e7\u00e3o completa, identificar per\u00edodos n\u00e3o computados e, se for o caso, ingressar com a revis\u00e3o judicial do benef\u00edcio.<\/span><\/p>\n<p><span style=\"color: #000000;\"><b>\ud83d\udcde Precisa calcular sua aposentadoria com seguran\u00e7a?\u00a0 <\/b><span style=\"font-weight: 400;\">O escrit\u00f3rio Deivison de Oliveira Sociedade Individual de Advocacia \u2014 OAB\/RJ 186.125 \u2014 atende em todo o Brasil de forma 100% online. Acesse <\/span><a style=\"color: #000000;\" href=\"https:\/\/advogadoinssrj.com\"><span style=\"font-weight: 400;\">advogadoinssrj.com<\/span><\/a><span style=\"font-weight: 400;\"> e agende sua consulta.<\/span><\/span><\/p>\n<p>\u00a0<\/p>\n<h2><span style=\"color: #000000;\"><b>Perguntas Frequentes (FAQ)<\/b><\/span><\/h2>\n<ol>\n<li><span style=\"color: #000000;\"><b> Como posso simular o valor da minha aposentadoria antes de pedir?<\/b><\/span><\/li>\n<\/ol>\n<p><span style=\"font-weight: 400; color: #000000;\">Voc\u00ea pode usar o aplicativo Meu INSS (gov.br\/inss) para fazer uma simula\u00e7\u00e3o. No entanto, a simula\u00e7\u00e3o considera apenas os dados que constam no seu CNIS \u2014 se houver v\u00ednculos faltando ou per\u00edodos especiais n\u00e3o reconhecidos, o valor simulado pode estar abaixo do correto. A simula\u00e7\u00e3o feita por um advogado previdenci\u00e1rio \u00e9 mais completa e confi\u00e1vel.<\/span><\/p>\n<ol start=\"2\">\n<li><span style=\"color: #000000;\"><b> O fator previdenci\u00e1rio ainda existe em 2026?<\/b><\/span><\/li>\n<\/ol>\n<p><span style=\"font-weight: 400; color: #000000;\">O fator previdenci\u00e1rio ainda pode ser aplicado em algumas situa\u00e7\u00f5es espec\u00edficas, mas para a maioria dos casos das regras de transi\u00e7\u00e3o ele foi substitu\u00eddo pela tabela de al\u00edquotas progressivas criada pela Reforma da Previd\u00eancia (EC 103\/2019). A aplica\u00e7\u00e3o depende da modalidade de aposentadoria escolhida.<\/span><\/p>\n<ol start=\"3\">\n<li><span style=\"color: #000000;\"><b> Posso pedir revis\u00e3o se j\u00e1 estou aposentado h\u00e1 anos?<\/b><\/span><\/li>\n<\/ol>\n<p><span style=\"font-weight: 400; color: #000000;\">Sim, desde que n\u00e3o tenha passado mais de 10 anos da data em que o INSS concedeu o benef\u00edcio (prazo decadencial do art. 103 da Lei 8.213\/1991). Se ainda estiver dentro do prazo, \u00e9 poss\u00edvel pedir a revis\u00e3o administrativa ou judicial.<\/span><\/p>\n<ol start=\"4\">\n<li><span style=\"color: #000000;\"><b> O que \u00e9 o CNIS e como ele afeta meu benef\u00edcio?<\/b><\/span><\/li>\n<\/ol>\n<p><span style=\"font-weight: 400; color: #000000;\">O CNIS (Cadastro Nacional de Informa\u00e7\u00f5es Sociais) \u00e9 o hist\u00f3rico de toda a sua vida contributiva. \u00c9 nele que constam seus v\u00ednculos empregat\u00edcios, per\u00edodos de contribui\u00e7\u00e3o e valores recolhidos ao INSS. Se o CNIS tiver erros ou dados faltando, seu benef\u00edcio ser\u00e1 calculado com menos tempo ou menor m\u00e9dia \u2014 o que reduz o valor final.<\/span><\/p>\n<ol start=\"5\">\n<li><span style=\"color: #000000;\"><b> Trabalhei como aut\u00f4nomo e paguei carn\u00ea do INSS. Esses per\u00edodos entram no c\u00e1lculo?<\/b><\/span><\/li>\n<\/ol>\n<p><span style=\"font-weight: 400; color: #000000;\">Sim, desde que as contribui\u00e7\u00f5es estejam devidamente registradas no CNIS. Em muitos casos, especialmente contribui\u00e7\u00f5es em carn\u00ea dos anos 1990 e 2000, os registros podem estar incompletos. Um advogado pode ajudar a regularizar esses per\u00edodos administrativamente ou judicialmente.<\/span><\/p>\n<ol start=\"6\">\n<li><span style=\"color: #000000;\"><b> O que \u00e9 aposentadoria especial e como ela afeta o valor?<\/b><\/span><\/li>\n<\/ol>\n<p><span style=\"font-weight: 400; color: #000000;\">A aposentadoria especial \u00e9 devida a quem trabalhou em condi\u00e7\u00f5es insalubres ou perigosas por pelo menos 15, 20 ou 25 anos (dependendo do agente nocivo). Nesses casos, o tempo especial pode ser convertido em tempo comum (com fator multiplicador) ou gerar direito \u00e0 aposentadoria com menos tempo. O valor do benef\u00edcio segue a mesma l\u00f3gica do c\u00e1lculo geral, mas com o tempo de contribui\u00e7\u00e3o maior pelo efeito da convers\u00e3o.<\/span><\/p>\n<ol start=\"7\">\n<li><span style=\"color: #000000;\"><b> Qual \u00e9 o teto do INSS em 2026?<\/b><\/span><\/li>\n<\/ol>\n<p><span style=\"font-weight: 400; color: #000000;\">O teto m\u00e1ximo de benef\u00edcios do INSS em 2026 \u00e9 de R$ 8.475,55, conforme a Portaria Interministerial MPS\/MF n\u00ba 13, de 09 de janeiro de 2026. Nenhum benef\u00edcio previdenci\u00e1rio pode superar esse valor, independentemente de quanto a pessoa tenha contribu\u00eddo ao longo da vida.<\/span><\/p>\n<h2><span style=\"color: #000000;\"><b>Fontes e Refer\u00eancias<\/b><\/span><\/h2>\n<ul>\n<li style=\"font-weight: 400;\" aria-level=\"1\"><span style=\"font-weight: 400; color: #000000;\">Lei 8.213\/1991 \u2014 Lei de Benef\u00edcios da Previd\u00eancia Social (arts. 29, 32, 103)<\/span><\/li>\n<li style=\"font-weight: 400;\" aria-level=\"1\"><span style=\"font-weight: 400; color: #000000;\">Lei 8.212\/1991 \u2014 Lei de Custeio da Seguridade Social<\/span><\/li>\n<li style=\"font-weight: 400;\" aria-level=\"1\"><span style=\"font-weight: 400; color: #000000;\">Decreto 3.048\/1999 \u2014 Regulamento da Previd\u00eancia Social<\/span><\/li>\n<li style=\"font-weight: 400;\" aria-level=\"1\"><span style=\"font-weight: 400; color: #000000;\">Emenda Constitucional 103\/2019 \u2014 Reforma da Previd\u00eancia<\/span><\/li>\n<li style=\"font-weight: 400;\" aria-level=\"1\"><span style=\"font-weight: 400; color: #000000;\">Constitui\u00e7\u00e3o Federal de 1988 \u2014 arts. 201 e 202<\/span><\/li>\n<li style=\"font-weight: 400;\" aria-level=\"1\"><span style=\"font-weight: 400; color: #000000;\">STF \u2014 Tema 1.102 \u2014 Revis\u00e3o da Vida Toda (julgamento 2022 e repercuss\u00f5es 2025\/2026)<\/span><\/li>\n<li style=\"font-weight: 400;\" aria-level=\"1\"><span style=\"font-weight: 400; color: #000000;\">Portaria Interministerial MPS\/MF n\u00ba 13 (09\/01\/2026) \u2014 Teto e piso do INSS 2026<\/span><\/li>\n<li style=\"font-weight: 400;\" aria-level=\"1\"><span style=\"font-weight: 400; color: #000000;\">Site oficial do INSS \u2014 gov.br\/inss<\/span><\/li>\n<li style=\"font-weight: 400;\" aria-level=\"1\"><span style=\"font-weight: 400; color: #000000;\">Aplicativo Meu INSS \u2014 simula\u00e7\u00e3o de benef\u00edcios<\/span><\/li>\n<\/ul>\n<p><!-- \/wp:paragraph --><\/p>\t\t\t\t\t\t\t\t<\/div>\n\t\t\t\t<\/div>\n\t\t\t\t\t<\/div>\n\t\t<\/div>\n\t\t\t\t\t<\/div>\n\t\t<\/section>\n\t\t\t\t<section class=\"elementor-section elementor-top-section elementor-element elementor-element-827a0a3 elementor-section-boxed elementor-section-height-default elementor-section-height-default\" data-id=\"827a0a3\" data-element_type=\"section\" data-e-type=\"section\">\n\t\t\t\t\t\t<div class=\"elementor-container elementor-column-gap-default\">\n\t\t\t\t\t<div class=\"elementor-column elementor-col-100 elementor-top-column elementor-element elementor-element-d500431\" data-id=\"d500431\" data-element_type=\"column\" data-e-type=\"column\">\n\t\t\t<div class=\"elementor-widget-wrap elementor-element-populated\">\n\t\t\t\t\t\t<div class=\"elementor-element elementor-element-791b736 elementor-widget elementor-widget-heading\" data-id=\"791b736\" data-element_type=\"widget\" data-e-type=\"widget\" data-widget_type=\"heading.default\">\n\t\t\t\t<div class=\"elementor-widget-container\">\n\t\t\t\t\t<h2 class=\"elementor-heading-title elementor-size-default\">Posts anteriores<\/h2>\t\t\t\t<\/div>\n\t\t\t\t<\/div>\n\t\t\t\t<div class=\"elementor-element elementor-element-e3d9315 elementor-grid-3 elementor-grid-tablet-2 elementor-grid-mobile-1 elementor-posts--thumbnail-top elementor-widget elementor-widget-posts\" data-id=\"e3d9315\" data-element_type=\"widget\" data-e-type=\"widget\" data-settings=\"{&quot;classic_columns&quot;:&quot;3&quot;,&quot;classic_columns_tablet&quot;:&quot;2&quot;,&quot;classic_columns_mobile&quot;:&quot;1&quot;,&quot;classic_row_gap&quot;:{&quot;unit&quot;:&quot;px&quot;,&quot;size&quot;:35,&quot;sizes&quot;:[]},&quot;classic_row_gap_tablet&quot;:{&quot;unit&quot;:&quot;px&quot;,&quot;size&quot;:&quot;&quot;,&quot;sizes&quot;:[]},&quot;classic_row_gap_mobile&quot;:{&quot;unit&quot;:&quot;px&quot;,&quot;size&quot;:&quot;&quot;,&quot;sizes&quot;:[]}}\" data-widget_type=\"posts.classic\">\n\t\t\t\t<div class=\"elementor-widget-container\">\n\t\t\t\t\t\t\t<div class=\"elementor-posts-container elementor-posts elementor-posts--skin-classic elementor-grid\">\n\t\t\t\t<article class=\"elementor-post elementor-grid-item post-2570 post type-post status-publish format-standard has-post-thumbnail hentry category-uncategorized wpbf-post\">\n\t\t\t\t<a class=\"elementor-post__thumbnail__link\" href=\"https:\/\/advogadoinssrj.com\/index.php\/2026\/04\/30\/como-calcular-o-valor-da-aposentadoria-em-2025-guia-completo-para-nao-ser-surpreendido-pelo-inss\/\" >\n\t\t\t<div class=\"elementor-post__thumbnail\"><img decoding=\"async\" width=\"300\" height=\"164\" src=\"https:\/\/advogadoinssrj.com\/wp-content\/uploads\/2026\/04\/Gemini_Generated_Image_v96swpv96swpv96s-1-300x164.png\" class=\"attachment-medium size-medium wp-image-2596\" alt=\"\" srcset=\"https:\/\/advogadoinssrj.com\/wp-content\/uploads\/2026\/04\/Gemini_Generated_Image_v96swpv96swpv96s-1-300x164.png 300w, https:\/\/advogadoinssrj.com\/wp-content\/uploads\/2026\/04\/Gemini_Generated_Image_v96swpv96swpv96s-1-1024x559.png 1024w, https:\/\/advogadoinssrj.com\/wp-content\/uploads\/2026\/04\/Gemini_Generated_Image_v96swpv96swpv96s-1-768x419.png 768w, https:\/\/advogadoinssrj.com\/wp-content\/uploads\/2026\/04\/Gemini_Generated_Image_v96swpv96swpv96s-1.png 1408w\" sizes=\"(max-width: 300px) 100vw, 300px\" \/><\/div>\n\t\t<\/a>\n\t\t\t\t<div class=\"elementor-post__text\">\n\t\t\t\t<h3 class=\"elementor-post__title\">\n\t\t\t<a href=\"https:\/\/advogadoinssrj.com\/index.php\/2026\/04\/30\/como-calcular-o-valor-da-aposentadoria-em-2025-guia-completo-para-nao-ser-surpreendido-pelo-inss\/\" >\n\t\t\t\tComo Calcular o Valor da Aposentadoria em 2026: Guia Completo Para N\u00e3o Ser Surpreendido Pelo INSS\t\t\t<\/a>\n\t\t<\/h3>\n\t\t\t\t<div class=\"elementor-post__meta-data\">\n\t\t\t\t\t<span class=\"elementor-post-date\">\n\t\t\tabril 30, 2026\t\t<\/span>\n\t\t\t\t<span class=\"elementor-post-avatar\">\n\t\t\tNenhum coment\u00e1rio\t\t<\/span>\n\t\t\t\t<\/div>\n\t\t\t\t<div class=\"elementor-post__excerpt\">\n\t\t\t<p>Imagine que voc\u00ea trabalhou por mais de 30 anos, pagou o INSS direitinho todos os meses, esperou a hora certa de se aposentar \u2014 e<\/p>\n\t\t<\/div>\n\t\t\n\t\t<a class=\"elementor-post__read-more\" href=\"https:\/\/advogadoinssrj.com\/index.php\/2026\/04\/30\/como-calcular-o-valor-da-aposentadoria-em-2025-guia-completo-para-nao-ser-surpreendido-pelo-inss\/\" >\n\t\t\tRead More \u00bb\t\t<\/a>\n\n\t\t\t\t<\/div>\n\t\t\t\t<\/article>\n\t\t\t\t<article class=\"elementor-post elementor-grid-item post-2555 post type-post status-publish format-standard has-post-thumbnail hentry category-artigo tag-advogado-inss-rio-de-janeiro-l tag-advogado-previdenciario-rio-de-janeiro tag-advogado-trabalhista-rio-de-janeiro tag-aposentadoria-por-idade tag-causa-trabalhista tag-como-posso-me-aposentar tag-meu-inss wpbf-post\">\n\t\t\t\t<a class=\"elementor-post__thumbnail__link\" href=\"https:\/\/advogadoinssrj.com\/index.php\/2026\/04\/30\/como-dar-entrada-na-aposentadoria-por-idade-em-2025-passo-a-passo-completo-para-nao-errar\/\" >\n\t\t\t<div class=\"elementor-post__thumbnail\"><img decoding=\"async\" width=\"300\" height=\"164\" src=\"https:\/\/advogadoinssrj.com\/wp-content\/uploads\/2026\/04\/WhatsApp-Image-2026-04-30-at-09.16.42-300x164.jpeg\" class=\"attachment-medium size-medium wp-image-2558\" alt=\"\" srcset=\"https:\/\/advogadoinssrj.com\/wp-content\/uploads\/2026\/04\/WhatsApp-Image-2026-04-30-at-09.16.42-300x164.jpeg 300w, https:\/\/advogadoinssrj.com\/wp-content\/uploads\/2026\/04\/WhatsApp-Image-2026-04-30-at-09.16.42-1024x559.jpeg 1024w, https:\/\/advogadoinssrj.com\/wp-content\/uploads\/2026\/04\/WhatsApp-Image-2026-04-30-at-09.16.42-768x419.jpeg 768w, https:\/\/advogadoinssrj.com\/wp-content\/uploads\/2026\/04\/WhatsApp-Image-2026-04-30-at-09.16.42.jpeg 1408w\" sizes=\"(max-width: 300px) 100vw, 300px\" \/><\/div>\n\t\t<\/a>\n\t\t\t\t<div class=\"elementor-post__text\">\n\t\t\t\t<h3 class=\"elementor-post__title\">\n\t\t\t<a href=\"https:\/\/advogadoinssrj.com\/index.php\/2026\/04\/30\/como-dar-entrada-na-aposentadoria-por-idade-em-2025-passo-a-passo-completo-para-nao-errar\/\" >\n\t\t\t\tComo dar entrada na aposentadoria por idade em 2026: Passo a passo completo para n\u00e3o errar\t\t\t<\/a>\n\t\t<\/h3>\n\t\t\t\t<div class=\"elementor-post__meta-data\">\n\t\t\t\t\t<span class=\"elementor-post-date\">\n\t\t\tabril 30, 2026\t\t<\/span>\n\t\t\t\t<span class=\"elementor-post-avatar\">\n\t\t\tNenhum coment\u00e1rio\t\t<\/span>\n\t\t\t\t<\/div>\n\t\t\t\t<div class=\"elementor-post__excerpt\">\n\t\t\t<p>Tempo de leitura: aproximadamente 12 minutos Voc\u00ea trabalhou a vida inteira. Contribuiu para o INSS durante anos \u2014 \u00e0s vezes d\u00e9cadas. E agora chegou a<\/p>\n\t\t<\/div>\n\t\t\n\t\t<a class=\"elementor-post__read-more\" href=\"https:\/\/advogadoinssrj.com\/index.php\/2026\/04\/30\/como-dar-entrada-na-aposentadoria-por-idade-em-2025-passo-a-passo-completo-para-nao-errar\/\" >\n\t\t\tRead More \u00bb\t\t<\/a>\n\n\t\t\t\t<\/div>\n\t\t\t\t<\/article>\n\t\t\t\t<article class=\"elementor-post elementor-grid-item post-2506 post type-post status-publish format-standard has-post-thumbnail hentry category-artigo tag-advogado-inss-rio-de-janeiro-l tag-advogado-previdenciario-rio-de-janeiro tag-advogado-trabalhista-rio-de-janeiro tag-aposentadoria-por-idade tag-causa-trabalhista tag-como-posso-me-aposentar tag-direito-do-consumidor tag-licitacao-na-administracao-publica tag-meu-inss tag-revisao-da-vida-toda wpbf-post\">\n\t\t\t\t<a class=\"elementor-post__thumbnail__link\" href=\"https:\/\/advogadoinssrj.com\/index.php\/2024\/10\/20\/o-contrato-de-trabalho-aspectos-formais-e-a-necessidade-de-escrituracao\/\" >\n\t\t\t<div class=\"elementor-post__thumbnail\"><img fetchpriority=\"high\" decoding=\"async\" width=\"300\" height=\"300\" src=\"https:\/\/advogadoinssrj.com\/wp-content\/uploads\/2024\/10\/WhatsApp-Image-2024-10-20-at-21.00.32-300x300.jpeg\" class=\"attachment-medium size-medium wp-image-2507\" alt=\"\" srcset=\"https:\/\/advogadoinssrj.com\/wp-content\/uploads\/2024\/10\/WhatsApp-Image-2024-10-20-at-21.00.32-300x300.jpeg 300w, https:\/\/advogadoinssrj.com\/wp-content\/uploads\/2024\/10\/WhatsApp-Image-2024-10-20-at-21.00.32-1024x1024.jpeg 1024w, https:\/\/advogadoinssrj.com\/wp-content\/uploads\/2024\/10\/WhatsApp-Image-2024-10-20-at-21.00.32-150x150.jpeg 150w, https:\/\/advogadoinssrj.com\/wp-content\/uploads\/2024\/10\/WhatsApp-Image-2024-10-20-at-21.00.32-768x768.jpeg 768w, https:\/\/advogadoinssrj.com\/wp-content\/uploads\/2024\/10\/WhatsApp-Image-2024-10-20-at-21.00.32.jpeg 1200w\" sizes=\"(max-width: 300px) 100vw, 300px\" \/><\/div>\n\t\t<\/a>\n\t\t\t\t<div class=\"elementor-post__text\">\n\t\t\t\t<h3 class=\"elementor-post__title\">\n\t\t\t<a href=\"https:\/\/advogadoinssrj.com\/index.php\/2024\/10\/20\/o-contrato-de-trabalho-aspectos-formais-e-a-necessidade-de-escrituracao\/\" >\n\t\t\t\tO Contrato de Trabalho: Aspectos Formais e a Necessidade de Escritura\u00e7\u00e3o\u00a0\t\t\t<\/a>\n\t\t<\/h3>\n\t\t\t\t<div class=\"elementor-post__meta-data\">\n\t\t\t\t\t<span class=\"elementor-post-date\">\n\t\t\toutubro 20, 2024\t\t<\/span>\n\t\t\t\t<span class=\"elementor-post-avatar\">\n\t\t\tNenhum coment\u00e1rio\t\t<\/span>\n\t\t\t\t<\/div>\n\t\t\t\t<div class=\"elementor-post__excerpt\">\n\t\t\t<p>1. Introdu\u00e7\u00e3o&nbsp; &nbsp; O contrato de trabalho \u00e9 o instrumento que formaliza a rela\u00e7\u00e3o empregat\u00edcia entre empregado e empregador, podendo ser celebrado por prazo determinado<\/p>\n\t\t<\/div>\n\t\t\n\t\t<a class=\"elementor-post__read-more\" href=\"https:\/\/advogadoinssrj.com\/index.php\/2024\/10\/20\/o-contrato-de-trabalho-aspectos-formais-e-a-necessidade-de-escrituracao\/\" >\n\t\t\tRead More \u00bb\t\t<\/a>\n\n\t\t\t\t<\/div>\n\t\t\t\t<\/article>\n\t\t\t\t<article class=\"elementor-post elementor-grid-item post-2503 post type-post status-publish format-standard has-post-thumbnail hentry category-artigo tag-advogado-inss-rio-de-janeiro-l tag-advogado-previdenciario-rio-de-janeiro tag-advogado-trabalhista-rio-de-janeiro tag-aposentadoria-por-idade tag-causa-trabalhista tag-como-posso-me-aposentar tag-direito-do-consumidor tag-meu-inss tag-revisao-da-vida-toda wpbf-post\">\n\t\t\t\t<a class=\"elementor-post__thumbnail__link\" href=\"https:\/\/advogadoinssrj.com\/index.php\/2024\/10\/19\/direitos-intelectuais-e-invencoes-do-empregado-no-contrato-de-trabalho\/\" >\n\t\t\t<div class=\"elementor-post__thumbnail\"><img loading=\"lazy\" decoding=\"async\" width=\"300\" height=\"300\" src=\"https:\/\/advogadoinssrj.com\/wp-content\/uploads\/2024\/10\/WhatsApp-Image-2024-10-19-at-20.54.17-300x300.jpeg\" class=\"attachment-medium size-medium wp-image-2504\" alt=\"\" srcset=\"https:\/\/advogadoinssrj.com\/wp-content\/uploads\/2024\/10\/WhatsApp-Image-2024-10-19-at-20.54.17-300x300.jpeg 300w, https:\/\/advogadoinssrj.com\/wp-content\/uploads\/2024\/10\/WhatsApp-Image-2024-10-19-at-20.54.17-1024x1024.jpeg 1024w, https:\/\/advogadoinssrj.com\/wp-content\/uploads\/2024\/10\/WhatsApp-Image-2024-10-19-at-20.54.17-150x150.jpeg 150w, https:\/\/advogadoinssrj.com\/wp-content\/uploads\/2024\/10\/WhatsApp-Image-2024-10-19-at-20.54.17-768x768.jpeg 768w, https:\/\/advogadoinssrj.com\/wp-content\/uploads\/2024\/10\/WhatsApp-Image-2024-10-19-at-20.54.17.jpeg 1200w\" sizes=\"(max-width: 300px) 100vw, 300px\" \/><\/div>\n\t\t<\/a>\n\t\t\t\t<div class=\"elementor-post__text\">\n\t\t\t\t<h3 class=\"elementor-post__title\">\n\t\t\t<a href=\"https:\/\/advogadoinssrj.com\/index.php\/2024\/10\/19\/direitos-intelectuais-e-invencoes-do-empregado-no-contrato-de-trabalho\/\" >\n\t\t\t\tDireitos Intelectuais e Inven\u00e7\u00f5es do Empregado no Contrato de Trabalho\u00a0 \u00a0\t\t\t<\/a>\n\t\t<\/h3>\n\t\t\t\t<div class=\"elementor-post__meta-data\">\n\t\t\t\t\t<span class=\"elementor-post-date\">\n\t\t\toutubro 19, 2024\t\t<\/span>\n\t\t\t\t<span class=\"elementor-post-avatar\">\n\t\t\tNenhum coment\u00e1rio\t\t<\/span>\n\t\t\t\t<\/div>\n\t\t\t\t<div class=\"elementor-post__excerpt\">\n\t\t\t<p>&nbsp;1- Introdu\u00e7\u00e3o&nbsp; &nbsp; O presente artigo tem como objetivo analisar a titularidade e os direitos decorrentes das inven\u00e7\u00f5es e cria\u00e7\u00f5es intelectuais produzidas por empregados no<\/p>\n\t\t<\/div>\n\t\t\n\t\t<a class=\"elementor-post__read-more\" href=\"https:\/\/advogadoinssrj.com\/index.php\/2024\/10\/19\/direitos-intelectuais-e-invencoes-do-empregado-no-contrato-de-trabalho\/\" >\n\t\t\tRead More \u00bb\t\t<\/a>\n\n\t\t\t\t<\/div>\n\t\t\t\t<\/article>\n\t\t\t\t<article class=\"elementor-post elementor-grid-item post-2493 post type-post status-publish format-standard has-post-thumbnail hentry category-artigo tag-advogado-inss-rio-de-janeiro-l tag-advogado-previdenciario-rio-de-janeiro tag-advogado-trabalhista-rio-de-janeiro tag-aposentadoria-por-idade tag-causa-trabalhista tag-como-posso-me-aposentar tag-direito-do-consumidor tag-meu-inss tag-revisao-da-vida-toda wpbf-post\">\n\t\t\t\t<a class=\"elementor-post__thumbnail__link\" href=\"https:\/\/advogadoinssrj.com\/index.php\/2024\/10\/18\/a-inconstitucionalidade-da-exigencia-de-diploma-para-o-exercicio-da-profissao-de-jornalista\/\" >\n\t\t\t<div class=\"elementor-post__thumbnail\"><img loading=\"lazy\" decoding=\"async\" width=\"300\" height=\"300\" src=\"https:\/\/advogadoinssrj.com\/wp-content\/uploads\/2024\/10\/WhatsApp-Image-2024-10-18-at-12.44.47-300x300.jpeg\" class=\"attachment-medium size-medium wp-image-2497\" alt=\"\" srcset=\"https:\/\/advogadoinssrj.com\/wp-content\/uploads\/2024\/10\/WhatsApp-Image-2024-10-18-at-12.44.47-300x300.jpeg 300w, https:\/\/advogadoinssrj.com\/wp-content\/uploads\/2024\/10\/WhatsApp-Image-2024-10-18-at-12.44.47-1024x1024.jpeg 1024w, https:\/\/advogadoinssrj.com\/wp-content\/uploads\/2024\/10\/WhatsApp-Image-2024-10-18-at-12.44.47-150x150.jpeg 150w, https:\/\/advogadoinssrj.com\/wp-content\/uploads\/2024\/10\/WhatsApp-Image-2024-10-18-at-12.44.47-768x768.jpeg 768w, https:\/\/advogadoinssrj.com\/wp-content\/uploads\/2024\/10\/WhatsApp-Image-2024-10-18-at-12.44.47.jpeg 1200w\" sizes=\"(max-width: 300px) 100vw, 300px\" \/><\/div>\n\t\t<\/a>\n\t\t\t\t<div class=\"elementor-post__text\">\n\t\t\t\t<h3 class=\"elementor-post__title\">\n\t\t\t<a href=\"https:\/\/advogadoinssrj.com\/index.php\/2024\/10\/18\/a-inconstitucionalidade-da-exigencia-de-diploma-para-o-exercicio-da-profissao-de-jornalista\/\" >\n\t\t\t\tA Inconstitucionalidade da exig\u00eancia de diploma para o exerc\u00edcio da profiss\u00e3o de jornalista\u00a0\t\t\t<\/a>\n\t\t<\/h3>\n\t\t\t\t<div class=\"elementor-post__meta-data\">\n\t\t\t\t\t<span class=\"elementor-post-date\">\n\t\t\toutubro 18, 2024\t\t<\/span>\n\t\t\t\t<span class=\"elementor-post-avatar\">\n\t\t\tNenhum coment\u00e1rio\t\t<\/span>\n\t\t\t\t<\/div>\n\t\t\t\t<div class=\"elementor-post__excerpt\">\n\t\t\t<p>&nbsp;1. Introdu\u00e7\u00e3o&nbsp;&nbsp;&nbsp; O Supremo Tribunal Federal (STF), ao julgar o Recurso Extraordin\u00e1rio (RE) n\u00ba 511.961\/SP em 17 de junho de 2009, declarou a n\u00e3o recep\u00e7\u00e3o<\/p>\n\t\t<\/div>\n\t\t\n\t\t<a class=\"elementor-post__read-more\" href=\"https:\/\/advogadoinssrj.com\/index.php\/2024\/10\/18\/a-inconstitucionalidade-da-exigencia-de-diploma-para-o-exercicio-da-profissao-de-jornalista\/\" >\n\t\t\tRead More \u00bb\t\t<\/a>\n\n\t\t\t\t<\/div>\n\t\t\t\t<\/article>\n\t\t\t\t<article class=\"elementor-post elementor-grid-item post-2488 post type-post status-publish format-standard has-post-thumbnail hentry category-artigo tag-advogado-inss-rio-de-janeiro-l tag-advogado-previdenciario-rio-de-janeiro tag-advogado-trabalhista-rio-de-janeiro tag-aposentadoria-por-idade tag-causa-trabalhista tag-como-posso-me-aposentar tag-direito-do-consumidor tag-meu-inss tag-revisao-da-vida-toda wpbf-post\">\n\t\t\t\t<a class=\"elementor-post__thumbnail__link\" href=\"https:\/\/advogadoinssrj.com\/index.php\/2024\/10\/07\/a-empresa-pode-exigir-que-a-contratada-mulher-apresente-atestado-ou-exame-de-qualquer-natureza-para-comprovacao-de-gravidez-na-admissao\/\" >\n\t\t\t<div class=\"elementor-post__thumbnail\"><img loading=\"lazy\" decoding=\"async\" width=\"300\" height=\"300\" src=\"https:\/\/advogadoinssrj.com\/wp-content\/uploads\/2024\/10\/WhatsApp-Image-2024-10-07-at-17.21.53-300x300.jpeg\" class=\"attachment-medium size-medium wp-image-2489\" alt=\"\" srcset=\"https:\/\/advogadoinssrj.com\/wp-content\/uploads\/2024\/10\/WhatsApp-Image-2024-10-07-at-17.21.53-300x300.jpeg 300w, https:\/\/advogadoinssrj.com\/wp-content\/uploads\/2024\/10\/WhatsApp-Image-2024-10-07-at-17.21.53-1024x1024.jpeg 1024w, https:\/\/advogadoinssrj.com\/wp-content\/uploads\/2024\/10\/WhatsApp-Image-2024-10-07-at-17.21.53-150x150.jpeg 150w, https:\/\/advogadoinssrj.com\/wp-content\/uploads\/2024\/10\/WhatsApp-Image-2024-10-07-at-17.21.53-768x768.jpeg 768w, https:\/\/advogadoinssrj.com\/wp-content\/uploads\/2024\/10\/WhatsApp-Image-2024-10-07-at-17.21.53.jpeg 1200w\" sizes=\"(max-width: 300px) 100vw, 300px\" \/><\/div>\n\t\t<\/a>\n\t\t\t\t<div class=\"elementor-post__text\">\n\t\t\t\t<h3 class=\"elementor-post__title\">\n\t\t\t<a href=\"https:\/\/advogadoinssrj.com\/index.php\/2024\/10\/07\/a-empresa-pode-exigir-que-a-contratada-mulher-apresente-atestado-ou-exame-de-qualquer-natureza-para-comprovacao-de-gravidez-na-admissao\/\" >\n\t\t\t\tA empresa pode exigir que a contratada mulher apresente atestado ou exame, de qualquer natureza, para comprova\u00e7\u00e3o de gravidez, na admiss\u00e3o?\u00a0\t\t\t<\/a>\n\t\t<\/h3>\n\t\t\t\t<div class=\"elementor-post__meta-data\">\n\t\t\t\t\t<span class=\"elementor-post-date\">\n\t\t\toutubro 7, 2024\t\t<\/span>\n\t\t\t\t<span class=\"elementor-post-avatar\">\n\t\t\tNenhum coment\u00e1rio\t\t<\/span>\n\t\t\t\t<\/div>\n\t\t\t\t<div class=\"elementor-post__excerpt\">\n\t\t\t<p>N\u00e3o! A empresa n\u00e3o pode exigir que a mulher apresente atestado ou exame para comprova\u00e7\u00e3o de gravidez na admiss\u00e3o. Essa pr\u00e1tica \u00e9 considerada discriminat\u00f3ria e<\/p>\n\t\t<\/div>\n\t\t\n\t\t<a class=\"elementor-post__read-more\" href=\"https:\/\/advogadoinssrj.com\/index.php\/2024\/10\/07\/a-empresa-pode-exigir-que-a-contratada-mulher-apresente-atestado-ou-exame-de-qualquer-natureza-para-comprovacao-de-gravidez-na-admissao\/\" >\n\t\t\tRead More \u00bb\t\t<\/a>\n\n\t\t\t\t<\/div>\n\t\t\t\t<\/article>\n\t\t\t\t<\/div>\n\t\t\n\t\t\t\t\t\t<\/div>\n\t\t\t\t<\/div>\n\t\t\t\t\t<\/div>\n\t\t<\/div>\n\t\t\t\t\t<\/div>\n\t\t<\/section>\n\t\t\t\t<\/div>\n\t\t","protected":false},"excerpt":{"rendered":"<p>Imagine que voc\u00ea trabalhou por mais de 30 anos, pagou o INSS direitinho todos os meses, esperou a hora certa de se aposentar \u2014 e quando o benef\u00edcio chegou, o valor foi muito menor do que voc\u00ea esperava. Essa situa\u00e7\u00e3o \u00e9 mais comum do que parece. Todos os dias, no nosso escrit\u00f3rio, recebemos clientes que [&hellip;]<\/p>\n","protected":false},"author":1,"featured_media":2596,"comment_status":"open","ping_status":"open","sticky":false,"template":"","format":"standard","meta":{"_monsterinsights_skip_tracking":false,"_monsterinsights_sitenote_active":false,"_monsterinsights_sitenote_note":"","_monsterinsights_sitenote_category":0,"_uf_show_specific_survey":0,"_uf_disable_surveys":false,"footnotes":""},"categories":[1],"tags":[],"class_list":["post-2570","post","type-post","status-publish","format-standard","has-post-thumbnail","hentry","category-uncategorized","wpbf-post"],"_links":{"self":[{"href":"https:\/\/advogadoinssrj.com\/index.php\/wp-json\/wp\/v2\/posts\/2570","targetHints":{"allow":["GET"]}}],"collection":[{"href":"https:\/\/advogadoinssrj.com\/index.php\/wp-json\/wp\/v2\/posts"}],"about":[{"href":"https:\/\/advogadoinssrj.com\/index.php\/wp-json\/wp\/v2\/types\/post"}],"author":[{"embeddable":true,"href":"https:\/\/advogadoinssrj.com\/index.php\/wp-json\/wp\/v2\/users\/1"}],"replies":[{"embeddable":true,"href":"https:\/\/advogadoinssrj.com\/index.php\/wp-json\/wp\/v2\/comments?post=2570"}],"version-history":[{"count":50,"href":"https:\/\/advogadoinssrj.com\/index.php\/wp-json\/wp\/v2\/posts\/2570\/revisions"}],"predecessor-version":[{"id":2627,"href":"https:\/\/advogadoinssrj.com\/index.php\/wp-json\/wp\/v2\/posts\/2570\/revisions\/2627"}],"wp:featuredmedia":[{"embeddable":true,"href":"https:\/\/advogadoinssrj.com\/index.php\/wp-json\/wp\/v2\/media\/2596"}],"wp:attachment":[{"href":"https:\/\/advogadoinssrj.com\/index.php\/wp-json\/wp\/v2\/media?parent=2570"}],"wp:term":[{"taxonomy":"category","embeddable":true,"href":"https:\/\/advogadoinssrj.com\/index.php\/wp-json\/wp\/v2\/categories?post=2570"},{"taxonomy":"post_tag","embeddable":true,"href":"https:\/\/advogadoinssrj.com\/index.php\/wp-json\/wp\/v2\/tags?post=2570"}],"curies":[{"name":"wp","href":"https:\/\/api.w.org\/{rel}","templated":true}]}}