{"id":2662,"date":"2026-05-01T19:34:23","date_gmt":"2026-05-01T22:34:23","guid":{"rendered":"https:\/\/advogadoinssrj.com\/?p=2662"},"modified":"2026-05-01T20:14:55","modified_gmt":"2026-05-01T23:14:55","slug":"aposentadoria-por-tempo-de-contribuicao-em-2026-regras-de-transicao-pontos-e-como-nao-perder-nenhum-beneficio","status":"publish","type":"post","link":"https:\/\/advogadoinssrj.com\/index.php\/2026\/05\/01\/aposentadoria-por-tempo-de-contribuicao-em-2026-regras-de-transicao-pontos-e-como-nao-perder-nenhum-beneficio\/","title":{"rendered":"Aposentadoria por Tempo de Contribui\u00e7\u00e3o em 2026: Regras de Transi\u00e7\u00e3o, Pontos e Como N\u00e3o Perder Nenhum Benef\u00edcio"},"content":{"rendered":"\t\t<div data-elementor-type=\"wp-post\" data-elementor-id=\"2662\" class=\"elementor elementor-2662\">\n\t\t\t\t\t\t<section class=\"elementor-section elementor-top-section elementor-element elementor-element-5b5ad3c elementor-section-boxed elementor-section-height-default elementor-section-height-default\" data-id=\"5b5ad3c\" data-element_type=\"section\" data-e-type=\"section\">\n\t\t\t\t\t\t<div class=\"elementor-container elementor-column-gap-default\">\n\t\t\t\t\t<div class=\"elementor-column elementor-col-100 elementor-top-column elementor-element elementor-element-4064b0cf\" data-id=\"4064b0cf\" data-element_type=\"column\" data-e-type=\"column\">\n\t\t\t<div class=\"elementor-widget-wrap elementor-element-populated\">\n\t\t\t\t\t\t<div class=\"elementor-element elementor-element-5265db52 elementor-widget elementor-widget-text-editor\" data-id=\"5265db52\" data-element_type=\"widget\" data-e-type=\"widget\" data-widget_type=\"text-editor.default\">\n\t\t\t\t<div class=\"elementor-widget-container\">\n\t\t\t\t\t\t\t\t\t\n<h2 style=\"text-align: left;\"><span style=\"font-weight: 400; color: #000000;\">Voc\u00ea Ainda Pode Se Aposentar por Tempo de Contribui\u00e7\u00e3o em 2026?<\/span><\/h2>\n<p style=\"text-align: left;\"><span style=\"color: #000000;\"><span style=\"font-weight: 400;\">Essa \u00e9, de longe, uma das perguntas mais frequentes que chegam ao escrit\u00f3rio. E a resposta honesta \u00e9: <\/span><b>sim, mas as regras mudaram \u2014 e continuam mudando a cada ano.<\/b><\/span><\/p>\n<p style=\"text-align: left;\"><span style=\"font-weight: 400; color: #000000;\">Muita gente ainda acredita que aposentadoria por tempo de contribui\u00e7\u00e3o \u00e9 aquela antiga f\u00f3rmula simples: 35 anos de trabalho para homens e 30 para mulheres, sem exig\u00eancia de idade m\u00ednima. Mas a Reforma da Previd\u00eancia de 2019 (Emenda Constitucional 103\/2019) acabou com essa regra de vez \u2014 pelo menos na forma como ela existia antes de novembro de 2019.<\/span><\/p>\n<p style=\"text-align: left;\"><span style=\"color: #000000;\"><span style=\"font-weight: 400;\">O que restou foram as chamadas <\/span><b>regras de transi\u00e7\u00e3o<\/b><span style=\"font-weight: 400;\">: quatro caminhos diferentes, criados justamente para proteger quem j\u00e1 estava contribuindo antes da Reforma. Cada um tem requisitos distintos, e pelo menos dois deles ficaram mais exigentes em 2026.<\/span><\/span><\/p>\n<p style=\"text-align: left;\"><span style=\"font-weight: 400; color: #000000;\">Se voc\u00ea n\u00e3o souber qual regra se aplica ao seu caso, corre o risco de dar entrada na aposentadoria errada, ser indeferido pelo INSS \u2014 ou pior \u2014 continuar trabalhando meses al\u00e9m do necess\u00e1rio.<\/span><\/p>\n<p style=\"text-align: left;\"><span style=\"font-weight: 400; color: #000000;\">Neste artigo, voc\u00ea vai entender exatamente como funciona cada regra de transi\u00e7\u00e3o em 2026, com tabela completa de pontua\u00e7\u00e3o, exemplos pr\u00e1ticos, c\u00e1lculo do benef\u00edcio e os erros mais comuns que levam ao indeferimento.<\/span><\/p>\n<p style=\"text-align: left;\">\u00a0<\/p>\n<h2 style=\"text-align: left;\"><span style=\"font-weight: 400; color: #000000;\">Por Que a Aposentadoria por Tempo de Contribui\u00e7\u00e3o Mudou<\/span><\/h2>\n<p style=\"text-align: left;\"><span style=\"font-weight: 400; color: #000000;\">Antes da Reforma, a l\u00f3gica era simples: 35 anos de contribui\u00e7\u00e3o para homens, 30 para mulheres. Havia o fator previdenci\u00e1rio \u2014 um redutor aplicado a quem se aposentava mais jovem \u2014, mas a regra base era essa, sem exig\u00eancia de idade m\u00ednima.<\/span><\/p>\n<p style=\"text-align: left;\"><span style=\"color: #000000;\"><span style=\"font-weight: 400;\">Com a aprova\u00e7\u00e3o da <\/span><b>Emenda Constitucional 103, em 13 de novembro de 2019<\/b><span style=\"font-weight: 400;\">, essa modalidade foi extinta para quem ainda n\u00e3o tinha os requisitos cumpridos. Quem passou a contribuir depois dessa data s\u00f3 pode se aposentar pelas regras permanentes da Reforma:<\/span><\/span><\/p>\n<ul style=\"text-align: left;\">\n<li style=\"font-weight: 400;\" aria-level=\"1\"><span style=\"color: #000000;\"><b>Mulheres:<\/b><span style=\"font-weight: 400;\"> 62 anos de idade + 15 anos de contribui\u00e7\u00e3o<\/span><\/span><\/li>\n<li style=\"font-weight: 400;\" aria-level=\"1\"><span style=\"color: #000000;\"><b>Homens:<\/b><span style=\"font-weight: 400;\"> 65 anos de idade + 20 anos de contribui\u00e7\u00e3o<\/span><\/span><\/li>\n<\/ul>\n<p style=\"text-align: left;\"><span style=\"color: #000000;\"><span style=\"font-weight: 400;\">Para quem j\u00e1 contribu\u00eda antes de novembro de 2019, a Reforma criou as <\/span><b>regras de transi\u00e7\u00e3o<\/b><span style=\"font-weight: 400;\"> \u2014 um conjunto de alternativas que preservam, ao menos parcialmente, os direitos adquiridos antes da mudan\u00e7a.<\/span><\/span><\/p>\n<p style=\"text-align: left;\"><span style=\"font-weight: 400; color: #000000;\">S\u00e3o quatro regras. Cada uma leva a uma data diferente de aposentadoria e a um valor diferente de benef\u00edcio. Conhec\u00ea-las n\u00e3o \u00e9 opcional \u2014 \u00e9 essencial para quem quer se aposentar sem perder tempo nem dinheiro.<\/span><\/p>\n<p style=\"text-align: left;\">\u00a0<\/p>\n<h2 style=\"text-align: left;\"><strong><span style=\"color: #000000;\">As 4 Regras de Transi\u00e7\u00e3o em 2026: Guia Completo<\/span><\/strong><\/h2>\n<h3 style=\"text-align: left;\"><strong><span style=\"color: #000000;\">Regra 1 \u2014 Transi\u00e7\u00e3o por Pontos (a mais popular)<\/span><\/strong><\/h3>\n<p style=\"text-align: left;\"><span style=\"color: #000000;\"><span style=\"font-weight: 400;\">A regra por pontos \u00e9 a mais buscada porque tem uma vantagem que as demais n\u00e3o t\u00eam: <\/span><b>n\u00e3o exige idade m\u00ednima<\/b><span style=\"font-weight: 400;\">. Quem come\u00e7ou a trabalhar muito jovem pode se aposentar antes dos 60 anos se tiver pontua\u00e7\u00e3o suficiente.<\/span><\/span><\/p>\n<p style=\"text-align: left;\"><span style=\"color: #000000;\"><b>Como funciona:<\/b><span style=\"font-weight: 400;\"> some sua <\/span><b>idade atual<\/b><span style=\"font-weight: 400;\"> com seu <\/span><b>tempo total de contribui\u00e7\u00e3o<\/b><span style=\"font-weight: 400;\">. O resultado deve atingir a pontua\u00e7\u00e3o m\u00ednima do ano.<\/span><\/span><\/p>\n<p style=\"text-align: left;\"><span style=\"color: #000000;\"><b>Requisitos em 2026:<\/b><\/span><\/p>\n<ul style=\"text-align: left;\">\n<li style=\"font-weight: 400;\" aria-level=\"1\"><span style=\"color: #000000;\"><span style=\"font-weight: 400;\">Mulheres: <\/span><b>93 pontos<\/b><span style=\"font-weight: 400;\"> + m\u00ednimo de 30 anos de contribui\u00e7\u00e3o<\/span><\/span><\/li>\n<li style=\"font-weight: 400;\" aria-level=\"1\"><span style=\"color: #000000;\"><span style=\"font-weight: 400;\">Homens: <\/span><b>103 pontos<\/b><span style=\"font-weight: 400;\"> + m\u00ednimo de 35 anos de contribui\u00e7\u00e3o<\/span><\/span><\/li>\n<\/ul>\n<p style=\"text-align: left;\"><span style=\"color: #000000;\"><b>Exemplo pr\u00e1tico:<\/b><span style=\"font-weight: 400;\"> Carlos tem 58 anos e contribuiu por 45 anos ao INSS (come\u00e7ou a trabalhar com carteira assinada aos 13 anos). Somando: 58 + 45 = <\/span><b>103 pontos<\/b><span style=\"font-weight: 400;\">. Em 2026, Carlos j\u00e1 atingiu exatamente a pontua\u00e7\u00e3o necess\u00e1ria para um homem e pode solicitar a aposentadoria \u2014 sem precisar esperar os 65 anos da regra permanente.<\/span><\/span><\/p>\n<h4 style=\"text-align: left;\"><span style=\"font-weight: 400; color: #000000;\">Tabela Completa de Progress\u00e3o de Pontos \u2014 2019 a 2033<\/span><\/h4>\n<p style=\"text-align: left;\"><span style=\"font-weight: 400; color: #000000;\">A pontua\u00e7\u00e3o aumenta 1 ponto por ano at\u00e9 atingir os limites m\u00e1ximos estabelecidos pela EC 103\/2019.<\/span><\/p>\n<table class=\" alignleft\">\n<thead>\n<tr>\n<th>\n<p><span style=\"color: #000000;\"><b>Ano<\/b><\/span><\/p>\n<\/th>\n<th>\n<p><span style=\"color: #000000;\"><b>Mulher<\/b><\/span><\/p>\n<\/th>\n<th>\n<p><span style=\"color: #000000;\"><b>Homem<\/b><\/span><\/p>\n<\/th>\n<th>\n<p><span style=\"color: #000000;\"><b>Prof. Mulher<\/b><\/span><\/p>\n<\/th>\n<th>\n<p><span style=\"color: #000000;\"><b>Prof. Homem<\/b><\/span><\/p>\n<\/th>\n<\/tr>\n<\/thead>\n<tbody>\n<tr>\n<td>\n<p><span style=\"font-weight: 400; color: #000000;\">2019<\/span><\/p>\n<\/td>\n<td>\n<p><span style=\"font-weight: 400; color: #000000;\">86 pts<\/span><\/p>\n<\/td>\n<td>\n<p><span style=\"font-weight: 400; color: #000000;\">96 pts<\/span><\/p>\n<\/td>\n<td>\n<p><span style=\"font-weight: 400; color: #000000;\">81 pts<\/span><\/p>\n<\/td>\n<td>\n<p><span style=\"font-weight: 400; color: #000000;\">91 pts<\/span><\/p>\n<\/td>\n<\/tr>\n<tr>\n<td>\n<p><span style=\"font-weight: 400; color: #000000;\">2020<\/span><\/p>\n<\/td>\n<td>\n<p><span style=\"font-weight: 400; color: #000000;\">87 pts<\/span><\/p>\n<\/td>\n<td>\n<p><span style=\"font-weight: 400; color: #000000;\">97 pts<\/span><\/p>\n<\/td>\n<td>\n<p><span style=\"font-weight: 400; color: #000000;\">82 pts<\/span><\/p>\n<\/td>\n<td>\n<p><span style=\"font-weight: 400; color: #000000;\">92 pts<\/span><\/p>\n<\/td>\n<\/tr>\n<tr>\n<td>\n<p><span style=\"font-weight: 400; color: #000000;\">2021<\/span><\/p>\n<\/td>\n<td>\n<p><span style=\"font-weight: 400; color: #000000;\">88 pts<\/span><\/p>\n<\/td>\n<td>\n<p><span style=\"font-weight: 400; color: #000000;\">98 pts<\/span><\/p>\n<\/td>\n<td>\n<p><span style=\"font-weight: 400; color: #000000;\">83 pts<\/span><\/p>\n<\/td>\n<td>\n<p><span style=\"font-weight: 400; color: #000000;\">93 pts<\/span><\/p>\n<\/td>\n<\/tr>\n<tr>\n<td>\n<p><span style=\"font-weight: 400; color: #000000;\">2022<\/span><\/p>\n<\/td>\n<td>\n<p><span style=\"font-weight: 400; color: #000000;\">89 pts<\/span><\/p>\n<\/td>\n<td>\n<p><span style=\"font-weight: 400; color: #000000;\">99 pts<\/span><\/p>\n<\/td>\n<td>\n<p><span style=\"font-weight: 400; color: #000000;\">84 pts<\/span><\/p>\n<\/td>\n<td>\n<p><span style=\"font-weight: 400; color: #000000;\">94 pts<\/span><\/p>\n<\/td>\n<\/tr>\n<tr>\n<td>\n<p><span style=\"font-weight: 400; color: #000000;\">2023<\/span><\/p>\n<\/td>\n<td>\n<p><span style=\"font-weight: 400; color: #000000;\">90 pts<\/span><\/p>\n<\/td>\n<td>\n<p><span style=\"font-weight: 400; color: #000000;\">100 pts<\/span><\/p>\n<\/td>\n<td>\n<p><span style=\"font-weight: 400; color: #000000;\">85 pts<\/span><\/p>\n<\/td>\n<td>\n<p><span style=\"font-weight: 400; color: #000000;\">95 pts<\/span><\/p>\n<\/td>\n<\/tr>\n<tr>\n<td>\n<p><span style=\"font-weight: 400; color: #000000;\">2024<\/span><\/p>\n<\/td>\n<td>\n<p><span style=\"font-weight: 400; color: #000000;\">91 pts<\/span><\/p>\n<\/td>\n<td>\n<p><span style=\"font-weight: 400; color: #000000;\">101 pts<\/span><\/p>\n<\/td>\n<td>\n<p><span style=\"font-weight: 400; color: #000000;\">86 pts<\/span><\/p>\n<\/td>\n<td>\n<p><span style=\"font-weight: 400; color: #000000;\">96 pts<\/span><\/p>\n<\/td>\n<\/tr>\n<tr>\n<td>\n<p><span style=\"font-weight: 400; color: #000000;\">2025<\/span><\/p>\n<\/td>\n<td>\n<p><span style=\"font-weight: 400; color: #000000;\">92 pts<\/span><\/p>\n<\/td>\n<td>\n<p><span style=\"font-weight: 400; color: #000000;\">102 pts<\/span><\/p>\n<\/td>\n<td>\n<p><span style=\"font-weight: 400; color: #000000;\">87 pts<\/span><\/p>\n<\/td>\n<td>\n<p><span style=\"font-weight: 400; color: #000000;\">97 pts<\/span><\/p>\n<\/td>\n<\/tr>\n<tr>\n<td>\n<p><span style=\"color: #000000;\"><b>2026<\/b><\/span><\/p>\n<\/td>\n<td>\n<p><span style=\"color: #000000;\"><b>93 pts<\/b><\/span><\/p>\n<\/td>\n<td>\n<p><span style=\"color: #000000;\"><b>103 pts<\/b><\/span><\/p>\n<\/td>\n<td>\n<p><span style=\"color: #000000;\"><b>88 pts<\/b><\/span><\/p>\n<\/td>\n<td>\n<p><span style=\"color: #000000;\"><b>98 pts<\/b><\/span><\/p>\n<\/td>\n<\/tr>\n<tr>\n<td>\n<p><span style=\"font-weight: 400; color: #000000;\">2027<\/span><\/p>\n<\/td>\n<td>\n<p><span style=\"font-weight: 400; color: #000000;\">94 pts<\/span><\/p>\n<\/td>\n<td>\n<p><span style=\"font-weight: 400; color: #000000;\">104 pts<\/span><\/p>\n<\/td>\n<td>\n<p><span style=\"font-weight: 400; color: #000000;\">89 pts<\/span><\/p>\n<\/td>\n<td>\n<p><span style=\"font-weight: 400; color: #000000;\">99 pts<\/span><\/p>\n<\/td>\n<\/tr>\n<tr>\n<td>\n<p><span style=\"font-weight: 400; color: #000000;\">2028<\/span><\/p>\n<\/td>\n<td>\n<p><span style=\"font-weight: 400; color: #000000;\">95 pts<\/span><\/p>\n<\/td>\n<td>\n<p><span style=\"color: #000000;\"><b>105 pts<\/b> <i><span style=\"font-weight: 400;\">(limite homens)<\/span><\/i><\/span><\/p>\n<\/td>\n<td>\n<p><span style=\"font-weight: 400; color: #000000;\">90 pts<\/span><\/p>\n<\/td>\n<td>\n<p><span style=\"color: #000000;\"><b>100 pts<\/b> <i><span style=\"font-weight: 400;\">(limite prof. homens)<\/span><\/i><\/span><\/p>\n<\/td>\n<\/tr>\n<tr>\n<td>\n<p><span style=\"font-weight: 400; color: #000000;\">2029<\/span><\/p>\n<\/td>\n<td>\n<p><span style=\"font-weight: 400; color: #000000;\">96 pts<\/span><\/p>\n<\/td>\n<td>\n<p><span style=\"font-weight: 400; color: #000000;\">105 pts<\/span><\/p>\n<\/td>\n<td>\n<p><span style=\"font-weight: 400; color: #000000;\">91 pts<\/span><\/p>\n<\/td>\n<td>\n<p><span style=\"font-weight: 400; color: #000000;\">100 pts<\/span><\/p>\n<\/td>\n<\/tr>\n<tr>\n<td>\n<p><span style=\"font-weight: 400; color: #000000;\">2030<\/span><\/p>\n<\/td>\n<td>\n<p><span style=\"font-weight: 400; color: #000000;\">97 pts<\/span><\/p>\n<\/td>\n<td>\n<p><span style=\"font-weight: 400; color: #000000;\">105 pts<\/span><\/p>\n<\/td>\n<td>\n<p><span style=\"font-weight: 400; color: #000000;\">92 pts<\/span><\/p>\n<\/td>\n<td>\n<p><span style=\"font-weight: 400; color: #000000;\">100 pts<\/span><\/p>\n<\/td>\n<\/tr>\n<tr>\n<td>\n<p><span style=\"font-weight: 400; color: #000000;\">2031<\/span><\/p>\n<\/td>\n<td>\n<p><span style=\"font-weight: 400; color: #000000;\">98 pts<\/span><\/p>\n<\/td>\n<td>\n<p><span style=\"font-weight: 400; color: #000000;\">105 pts<\/span><\/p>\n<\/td>\n<td>\n<p><span style=\"font-weight: 400; color: #000000;\">93 pts<\/span><\/p>\n<\/td>\n<td>\n<p><span style=\"font-weight: 400; color: #000000;\">100 pts<\/span><\/p>\n<\/td>\n<\/tr>\n<tr>\n<td>\n<p><span style=\"font-weight: 400; color: #000000;\">2032<\/span><\/p>\n<\/td>\n<td>\n<p><span style=\"font-weight: 400; color: #000000;\">99 pts<\/span><\/p>\n<\/td>\n<td>\n<p><span style=\"font-weight: 400; color: #000000;\">105 pts<\/span><\/p>\n<\/td>\n<td>\n<p><span style=\"font-weight: 400; color: #000000;\">94 pts<\/span><\/p>\n<\/td>\n<td>\n<p><span style=\"font-weight: 400; color: #000000;\">100 pts<\/span><\/p>\n<\/td>\n<\/tr>\n<tr>\n<td>\n<p><span style=\"font-weight: 400; color: #000000;\">2033<\/span><\/p>\n<\/td>\n<td>\n<p><span style=\"color: #000000;\"><b>100 pts<\/b> <i><span style=\"font-weight: 400;\">(limite mulheres)<\/span><\/i><\/span><\/p>\n<\/td>\n<td>\n<p><span style=\"font-weight: 400; color: #000000;\">105 pts<\/span><\/p>\n<\/td>\n<td>\n<p><span style=\"color: #000000;\"><b>95 pts<\/b> <i><span style=\"font-weight: 400;\">(limite prof. mulheres)<\/span><\/i><\/span><\/p>\n<\/td>\n<td>\n<p><span style=\"font-weight: 400; color: #000000;\">100 pts<\/span><\/p>\n<\/td>\n<\/tr>\n<\/tbody>\n<\/table>\n<p style=\"text-align: left;\"><span style=\"color: #000000;\"><i><span style=\"font-weight: 400;\">Fonte: EC 103\/2019, art. 15 \u2014 Emenda Constitucional n\u00ba 103, de 12 de novembro de 2019. Dispon\u00edvel em: <\/span><\/i><a style=\"color: #000000;\" href=\"https:\/\/www.planalto.gov.br\/ccivil_03\/constituicao\/emendas\/emc\/emc103.htm\"><i><span style=\"font-weight: 400;\">planalto.gov.br<\/span><\/i><\/a><\/span><\/p>\n<p style=\"text-align: left;\"><span style=\"color: #3366ff;\"><span style=\"font-weight: 400;\">\u26a0\ufe0f <\/span><b>Aten\u00e7\u00e3o:<\/b><span style=\"font-weight: 400;\"> Os limites m\u00e1ximos para <\/span><b>homens s\u00e3o atingidos em 2028<\/b><span style=\"font-weight: 400;\"> (105 pontos) e para <\/span><b>mulheres em 2033<\/b><span style=\"font-weight: 400;\"> (100 pontos). Ap\u00f3s essas datas, a pontua\u00e7\u00e3o n\u00e3o aumenta mais. Mas isso n\u00e3o significa que ficar\u00e1 mais f\u00e1cil: quem ainda n\u00e3o atingiu a pontua\u00e7\u00e3o e n\u00e3o est\u00e1 contribuindo regularmente precisar\u00e1 esperar mais anos para somar os pontos necess\u00e1rios.<\/span><\/span><\/p>\n<h3 style=\"text-align: left;\"><strong><span style=\"color: #000000;\">Regra 2 \u2014 Idade M\u00ednima Progressiva<\/span><\/strong><\/h3>\n<p style=\"text-align: left;\"><span style=\"color: #000000;\"><span style=\"font-weight: 400;\">Esta regra combina uma <\/span><b>idade m\u00ednima crescente<\/b><span style=\"font-weight: 400;\"> com o tempo m\u00ednimo de contribui\u00e7\u00e3o. A diferen\u00e7a fundamental em rela\u00e7\u00e3o \u00e0 regra de pontos: aqui, a idade m\u00ednima \u00e9 obrigat\u00f3ria \u2014 n\u00e3o adianta ter 40 anos de contribui\u00e7\u00e3o se voc\u00ea ainda n\u00e3o completou a idade exigida no ano.<\/span><\/span><\/p>\n<p style=\"text-align: left;\"><span style=\"color: #000000;\"><b>Requisitos em 2026:<\/b><\/span><\/p>\n<ul style=\"text-align: left;\">\n<li style=\"font-weight: 400;\" aria-level=\"1\"><span style=\"color: #000000;\"><span style=\"font-weight: 400;\">Mulheres: <\/span><b>59 anos e 6 meses<\/b><span style=\"font-weight: 400;\"> de idade + 30 anos de contribui\u00e7\u00e3o<\/span><\/span><\/li>\n<li style=\"font-weight: 400;\" aria-level=\"1\"><span style=\"color: #000000;\"><span style=\"font-weight: 400;\">Homens: <\/span><b>64 anos e 6 meses<\/b><span style=\"font-weight: 400;\"> de idade + 35 anos de contribui\u00e7\u00e3o<\/span><\/span><\/li>\n<\/ul>\n<p style=\"text-align: left;\"><span style=\"color: #000000;\"><b>Progress\u00e3o da idade m\u00ednima at\u00e9 o limite final:<\/b><\/span><\/p>\n<table class=\" alignleft\">\n<thead>\n<tr>\n<th>\n<p><span style=\"color: #000000;\"><b>Ano<\/b><\/span><\/p>\n<\/th>\n<th>\n<p><span style=\"color: #000000;\"><b>Mulher<\/b><\/span><\/p>\n<\/th>\n<th>\n<p><span style=\"color: #000000;\"><b>Homem<\/b><\/span><\/p>\n<\/th>\n<\/tr>\n<\/thead>\n<tbody>\n<tr>\n<td>\n<p><span style=\"font-weight: 400; color: #000000;\">2025<\/span><\/p>\n<\/td>\n<td>\n<p><span style=\"font-weight: 400; color: #000000;\">59 anos<\/span><\/p>\n<\/td>\n<td>\n<p><span style=\"font-weight: 400; color: #000000;\">64 anos<\/span><\/p>\n<\/td>\n<\/tr>\n<tr>\n<td>\n<p><span style=\"color: #000000;\"><b>2026<\/b><\/span><\/p>\n<\/td>\n<td>\n<p><span style=\"color: #000000;\"><b>59 anos e 6 meses<\/b><\/span><\/p>\n<\/td>\n<td>\n<p><span style=\"color: #000000;\"><b>64 anos e 6 meses<\/b><\/span><\/p>\n<\/td>\n<\/tr>\n<tr>\n<td>\n<p><span style=\"font-weight: 400; color: #000000;\">2027<\/span><\/p>\n<\/td>\n<td>\n<p><span style=\"font-weight: 400; color: #000000;\">60 anos<\/span><\/p>\n<\/td>\n<td>\n<p><span style=\"color: #000000;\"><b>65 anos<\/b> <i><span style=\"font-weight: 400;\">(limite homens)<\/span><\/i><\/span><\/p>\n<\/td>\n<\/tr>\n<tr>\n<td>\n<p><span style=\"font-weight: 400; color: #000000;\">2028<\/span><\/p>\n<\/td>\n<td>\n<p><span style=\"font-weight: 400; color: #000000;\">60 anos e 6 meses<\/span><\/p>\n<\/td>\n<td>\n<p><span style=\"font-weight: 400; color: #000000;\">65 anos<\/span><\/p>\n<\/td>\n<\/tr>\n<tr>\n<td>\n<p><span style=\"font-weight: 400; color: #000000;\">2029<\/span><\/p>\n<\/td>\n<td>\n<p><span style=\"font-weight: 400; color: #000000;\">61 anos<\/span><\/p>\n<\/td>\n<td>\n<p><span style=\"font-weight: 400; color: #000000;\">65 anos<\/span><\/p>\n<\/td>\n<\/tr>\n<tr>\n<td>\n<p><span style=\"font-weight: 400; color: #000000;\">2030<\/span><\/p>\n<\/td>\n<td>\n<p><span style=\"font-weight: 400; color: #000000;\">61 anos e 6 meses<\/span><\/p>\n<\/td>\n<td>\n<p><span style=\"font-weight: 400; color: #000000;\">65 anos<\/span><\/p>\n<\/td>\n<\/tr>\n<tr>\n<td>\n<p><span style=\"font-weight: 400; color: #000000;\">2031<\/span><\/p>\n<\/td>\n<td>\n<p><span style=\"color: #000000;\"><b>62 anos<\/b> <i><span style=\"font-weight: 400;\">(limite mulheres)<\/span><\/i><\/span><\/p>\n<\/td>\n<td>\n<p><span style=\"font-weight: 400; color: #000000;\">65 anos<\/span><\/p>\n<\/td>\n<\/tr>\n<\/tbody>\n<\/table>\n<p style=\"text-align: left;\"><span style=\"color: #000000;\"><i><span style=\"font-weight: 400;\">Fonte: EC 103\/2019, art. 15 \u2014 Dispon\u00edvel em: <\/span><\/i><a style=\"color: #000000;\" href=\"https:\/\/www.planalto.gov.br\/ccivil_03\/constituicao\/emendas\/emc\/emc103.htm\"><i><span style=\"font-weight: 400;\">planalto.gov.br<\/span><\/i><\/a><\/span><\/p>\n<p style=\"text-align: left;\"><span style=\"color: #000000;\"><b>Exemplo pr\u00e1tico:<\/b><span style=\"font-weight: 400;\"> Mariana tem 60 anos e 31 anos de contribui\u00e7\u00e3o. Pela regra por pontos, ela somaria 91 pontos \u2014 insuficiente para os 93 exigidos em 2026. Mas pela <\/span><b>regra de idade m\u00ednima progressiva<\/b><span style=\"font-weight: 400;\">, ela j\u00e1 tem mais de 59 anos e 6 meses e mais de 30 anos de contribui\u00e7\u00e3o \u2014 <\/span><b>ela j\u00e1 pode se aposentar por esta regra.<\/b><span style=\"font-weight: 400;\"> Por isso comparar as regras dispon\u00edveis \u00e9 t\u00e3o importante: a mais vantajosa pode ser diferente da que voc\u00ea imagina.<\/span><\/span><\/p>\n<h3 style=\"text-align: left;\"><strong><span style=\"color: #000000;\">Regra 3 \u2014 Ped\u00e1gio de 50%<\/span><\/strong><\/h3>\n<p style=\"text-align: left;\"><span style=\"color: #000000;\"><span style=\"font-weight: 400;\">Esta regra \u00e9 destinada a quem estava <\/span><b>muito pr\u00f3ximo de se aposentar na data da Reforma<\/b><span style=\"font-weight: 400;\">, em 13 de novembro de 2019 \u2014 especificamente, a quem faltava <\/span><b>no m\u00e1ximo 2 anos<\/b><span style=\"font-weight: 400;\"> para completar o tempo de contribui\u00e7\u00e3o exigido na regra antiga (30 anos para mulheres, 35 para homens).<\/span><\/span><\/p>\n<p style=\"text-align: left;\"><span style=\"color: #000000;\"><b>Como funciona:<\/b><span style=\"font-weight: 400;\"> al\u00e9m de completar o tempo m\u00ednimo de contribui\u00e7\u00e3o, o trabalhador precisa pagar um &#8220;ped\u00e1gio&#8221; equivalente a <\/span><b>50% do tempo que faltava<\/b><span style=\"font-weight: 400;\"> em novembro de 2019.<\/span><\/span><\/p>\n<p style=\"text-align: left;\"><span style=\"color: #000000;\"><b>Requisitos:<\/b><\/span><\/p>\n<ul style=\"text-align: left;\">\n<li style=\"font-weight: 400;\" aria-level=\"1\"><span style=\"color: #000000;\"><span style=\"font-weight: 400;\">Mulheres: 30 anos de contribui\u00e7\u00e3o + 50% do tempo que faltava em 13\/11\/2019 + <\/span><b>sem exig\u00eancia de idade m\u00ednima<\/b><\/span><\/li>\n<li style=\"font-weight: 400;\" aria-level=\"1\"><span style=\"color: #000000;\"><span style=\"font-weight: 400;\">Homens: 35 anos de contribui\u00e7\u00e3o + 50% do tempo que faltava em 13\/11\/2019 + <\/span><b>sem exig\u00eancia de idade m\u00ednima<\/b><\/span><\/li>\n<\/ul>\n<p style=\"text-align: left;\"><span style=\"color: #3366ff;\"><span style=\"font-weight: 400;\">\u26a0\ufe0f <\/span><b>Aten\u00e7\u00e3o:<\/b><span style=\"font-weight: 400;\"> Esta \u00e9 a \u00fanica regra de transi\u00e7\u00e3o com ped\u00e1gio que <\/span><b>n\u00e3o exige idade m\u00ednima<\/b><span style=\"font-weight: 400;\">. O trabalhador que se enquadrar aqui pode se aposentar com qualquer idade, desde que cumpra o tempo de contribui\u00e7\u00e3o e o ped\u00e1gio.<\/span><\/span><\/p>\n<p style=\"text-align: left;\"><span style=\"color: #000000;\"><b>Exemplo num\u00e9rico:<\/b><span style=\"font-weight: 400;\"> Em novembro de 2019, Joana faltava 1 ano para completar 30 anos de contribui\u00e7\u00e3o. O ped\u00e1gio dela \u00e9 de 50% de 1 ano = 6 meses. Isso significa que ela precisa contribuir por mais 1 ano e 6 meses al\u00e9m do que faltava \u2014 totalizando 30 anos completos + 6 meses de ped\u00e1gio. N\u00e3o h\u00e1 exig\u00eancia de idade para dar entrada.<\/span><\/span><\/p>\n<p style=\"text-align: left;\"><span style=\"color: #000000;\"><span style=\"font-weight: 400;\">\u2705 <\/span><b>Esta regra n\u00e3o mudou em 2026.<\/b><span style=\"font-weight: 400;\"> Seus requisitos s\u00e3o fixos desde a aprova\u00e7\u00e3o da EC 103\/2019.<\/span><\/span><\/p>\n<h3 style=\"text-align: left;\"><strong><span style=\"color: #000000;\">Regra 4 \u2014 Ped\u00e1gio de 100%<\/span><\/strong><\/h3>\n<p style=\"text-align: left;\"><span style=\"color: #000000;\"><span style=\"font-weight: 400;\">Semelhante \u00e0 regra anterior, mas voltada para quem estava a <\/span><b>mais de 2 anos<\/b><span style=\"font-weight: 400;\"> de completar o tempo de contribui\u00e7\u00e3o em novembro de 2019. Neste caso, o ped\u00e1gio \u00e9 de <\/span><b>100% do tempo que faltava<\/b><span style=\"font-weight: 400;\"> \u2014 ou seja, o dobro do tempo restante precisa ser cumprido.<\/span><\/span><\/p>\n<p style=\"text-align: left;\"><span style=\"color: #000000;\"><b>Requisitos:<\/b><\/span><\/p>\n<ul style=\"text-align: left;\">\n<li style=\"font-weight: 400;\" aria-level=\"1\"><span style=\"color: #000000;\"><span style=\"font-weight: 400;\">Mulheres: <\/span><b>57 anos de idade m\u00ednima<\/b><span style=\"font-weight: 400;\"> + 30 anos de contribui\u00e7\u00e3o + 100% do tempo que faltava em 13\/11\/2019<\/span><\/span><\/li>\n<li style=\"font-weight: 400;\" aria-level=\"1\"><span style=\"color: #000000;\"><span style=\"font-weight: 400;\">Homens: <\/span><b>60 anos de idade m\u00ednima<\/b><span style=\"font-weight: 400;\"> + 35 anos de contribui\u00e7\u00e3o + 100% do tempo que faltava em 13\/11\/2019<\/span><\/span><\/li>\n<\/ul>\n<p style=\"text-align: left;\"><span style=\"color: #3366ff;\"><span style=\"font-weight: 400;\">\u26a0\ufe0f <\/span><b>Aten\u00e7\u00e3o:<\/b><span style=\"font-weight: 400;\"> Ao contr\u00e1rio do ped\u00e1gio de 50%, esta regra <\/span><b>exige idade m\u00ednima<\/b><span style=\"font-weight: 400;\">: 57 anos para mulheres e 60 anos para homens. Essa \u00e9 a principal diferen\u00e7a entre as duas regras de ped\u00e1gio. Al\u00e9m disso, o c\u00e1lculo do benef\u00edcio no ped\u00e1gio 100% \u00e9 mais vantajoso \u2014 n\u00e3o aplica o fator previdenci\u00e1rio, resultando em benef\u00edcio integral sobre a m\u00e9dia de contribui\u00e7\u00f5es.<\/span><\/span><\/p>\n<p style=\"text-align: left;\"><span style=\"color: #000000;\"><b>Exemplo num\u00e9rico:<\/b><span style=\"font-weight: 400;\"> Em novembro de 2019, Roberto tinha 55 anos e faltavam 6 anos para completar 35 anos de contribui\u00e7\u00e3o. O ped\u00e1gio dele \u00e9 de 100% de 6 anos = mais 6 anos de trabalho. Somando, ele precisar\u00e1 de 35 anos de contribui\u00e7\u00e3o + 6 anos de ped\u00e1gio, e ainda ter\u00e1 de aguardar completar 60 anos de idade para dar entrada \u2014 o que ocorrer por \u00faltimo.<\/span><\/span><\/p>\n<p style=\"text-align: left;\"><span style=\"font-weight: 400; color: #000000;\">Essa regra pode ser estrat\u00e9gica para quem acumulou longo tempo de contribui\u00e7\u00e3o, pois o c\u00e1lculo do benef\u00edcio \u00e9 mais favor\u00e1vel que no ped\u00e1gio de 50%.<\/span><\/p>\n<p style=\"text-align: left;\"><span style=\"color: #000000;\"><span style=\"font-weight: 400;\">\u2705 <\/span><b>Esta regra tamb\u00e9m n\u00e3o mudou em 2026.<\/b><span style=\"font-weight: 400;\"> Seus requisitos s\u00e3o fixos desde a aprova\u00e7\u00e3o da EC 103\/2019.<\/span><\/span><\/p>\n<p style=\"text-align: left;\">\u00a0<\/p>\n<h2 style=\"text-align: left;\"><strong><span style=\"color: #000000;\">Como \u00e9 Calculado o Valor da Aposentadoria por Tempo de Contribui\u00e7\u00e3o<\/span><\/strong><\/h2>\n<p style=\"text-align: left;\"><span style=\"font-weight: 400; color: #000000;\">Entender o valor do benef\u00edcio \u00e9 t\u00e3o importante quanto saber a data em que voc\u00ea pode se aposentar. Aqui est\u00e1 como funciona o c\u00e1lculo para as regras de transi\u00e7\u00e3o:<\/span><\/p>\n<h3 style=\"text-align: left;\"><span style=\"font-weight: 400; color: #000000;\">F\u00f3rmula Base (v\u00e1lida para todas as regras de transi\u00e7\u00e3o)<\/span><\/h3>\n<p style=\"text-align: left;\"><span style=\"font-weight: 400; color: #000000;\">O valor da aposentadoria \u00e9 calculado em duas etapas:<\/span><\/p>\n<p style=\"text-align: left;\"><span style=\"color: #000000;\"><b>Etapa 1 \u2014 C\u00e1lculo da m\u00e9dia:<\/b><span style=\"font-weight: 400;\"> Apura-se a m\u00e9dia de <\/span><b>100% de todos os sal\u00e1rios de contribui\u00e7\u00e3o<\/b><span style=\"font-weight: 400;\"> registrados desde julho de 1994 at\u00e9 a data de entrada do benef\u00edcio. N\u00e3o h\u00e1 descarte de contribui\u00e7\u00f5es menores \u2014 todos os sal\u00e1rios entram no c\u00e1lculo.<\/span><\/span><\/p>\n<p style=\"text-align: left;\"><span style=\"color: #000000;\"><b>Etapa 2 \u2014 Aplica\u00e7\u00e3o do coeficiente:<\/b><span style=\"font-weight: 400;\"> Sobre essa m\u00e9dia, aplica-se um coeficiente que parte de <\/span><b>60%<\/b><span style=\"font-weight: 400;\"> e aumenta conforme o tempo de contribui\u00e7\u00e3o:<\/span><\/span><\/p>\n<ul style=\"text-align: left;\">\n<li style=\"font-weight: 400;\" aria-level=\"1\"><span style=\"color: #000000;\"><b>Mulheres:<\/b><span style=\"font-weight: 400;\"> 60% da m\u00e9dia + <\/span><b>2% por ano<\/b><span style=\"font-weight: 400;\"> que exceder 15 anos de contribui\u00e7\u00e3o<\/span><\/span><\/li>\n<li style=\"font-weight: 400;\" aria-level=\"1\"><span style=\"color: #000000;\"><b>Homens:<\/b><span style=\"font-weight: 400;\"> 60% da m\u00e9dia + <\/span><b>2% por ano<\/b><span style=\"font-weight: 400;\"> que exceder 20 anos de contribui\u00e7\u00e3o<\/span><\/span><\/li>\n<\/ul>\n<p style=\"text-align: left;\"><span style=\"color: #000000;\"><b>Exemplo de c\u00e1lculo (homem):<\/b><\/span><\/p>\n<ul style=\"text-align: left;\">\n<li style=\"font-weight: 400;\" aria-level=\"1\"><span style=\"font-weight: 400; color: #000000;\">M\u00e9dia dos sal\u00e1rios de contribui\u00e7\u00e3o: R$ 4.000,00<\/span><\/li>\n<li style=\"font-weight: 400;\" aria-level=\"1\"><span style=\"font-weight: 400; color: #000000;\">Tempo de contribui\u00e7\u00e3o: 35 anos<\/span><\/li>\n<li style=\"font-weight: 400;\" aria-level=\"1\"><span style=\"font-weight: 400; color: #000000;\">Excedente: 35 &#8211; 20 = 15 anos<\/span><\/li>\n<li style=\"font-weight: 400;\" aria-level=\"1\"><span style=\"color: #000000;\"><span style=\"font-weight: 400;\">Coeficiente: 60% + (15 \u00d7 2%) = 60% + 30% = <\/span><b>90%<\/b><\/span><\/li>\n<li style=\"font-weight: 400;\" aria-level=\"1\"><span style=\"color: #000000;\"><span style=\"font-weight: 400;\">Valor do benef\u00edcio: 90% \u00d7 R$ 4.000,00 = <\/span><b>R$ 3.600,00<\/b><\/span><\/li>\n<\/ul>\n<p style=\"text-align: left;\"><span style=\"color: #000000;\"><span style=\"font-weight: 400;\">Para atingir 100% da m\u00e9dia (aposentadoria integral), o segurado precisaria de <\/span><b>40 anos de contribui\u00e7\u00e3o<\/b><span style=\"font-weight: 400;\"> (homem) ou <\/span><b>35 anos<\/b><span style=\"font-weight: 400;\"> (mulher).<\/span><\/span><\/p>\n<p style=\"text-align: left;\"><span style=\"color: #000000;\"><span style=\"color: #3366ff;\"><span style=\"font-weight: 400;\">\u26a0\ufe0f <\/span><b>Importante:<\/b><span style=\"font-weight: 400;\"> O valor do benef\u00edcio est\u00e1 sujeito ao <\/span><b>teto do INSS (R$ 8.475,55 em 2026)<\/b><span style=\"font-weight: 400;\"> e ao sal\u00e1rio m\u00ednimo como piso (<\/span><b>R$ 1.621,00 em 2026<\/b><\/span><span style=\"font-weight: 400;\"><span style=\"color: #3366ff;\">), conforme a Portaria MPS 7\/2026. Mesmo que o c\u00e1lculo resulte em valor inferior ao m\u00ednimo, o benef\u00edcio n\u00e3o pode ser menor que o sal\u00e1rio m\u00ednimo vigente. Os valores s\u00e3o reajustados anualmente em janeiro<\/span>.<\/span><\/span><\/p>\n<h4 style=\"text-align: left;\"><span style=\"font-weight: 400; color: #000000;\">Evolu\u00e7\u00e3o do Teto e do Piso do INSS (\u00faltimos 5 anos)<\/span><\/h4>\n<table class=\" alignleft\">\n<thead>\n<tr>\n<th>\n<p><span style=\"color: #000000;\"><b>Ano<\/b><\/span><\/p>\n<\/th>\n<th>\n<p><span style=\"color: #000000;\"><b>Teto do INSS<\/b><\/span><\/p>\n<\/th>\n<th>\n<p><span style=\"color: #000000;\"><b>Sal\u00e1rio M\u00ednimo (Piso)<\/b><\/span><\/p>\n<\/th>\n<\/tr>\n<\/thead>\n<tbody>\n<tr>\n<td>\n<p><span style=\"font-weight: 400; color: #000000;\">2022<\/span><\/p>\n<\/td>\n<td>\n<p><span style=\"font-weight: 400; color: #000000;\">R$ 7.087,22<\/span><\/p>\n<\/td>\n<td>\n<p><span style=\"font-weight: 400; color: #000000;\">R$ 1.212,00<\/span><\/p>\n<\/td>\n<\/tr>\n<tr>\n<td>\n<p><span style=\"font-weight: 400; color: #000000;\">2023<\/span><\/p>\n<\/td>\n<td>\n<p><span style=\"font-weight: 400; color: #000000;\">R$ 7.786,02<\/span><\/p>\n<\/td>\n<td>\n<p><span style=\"font-weight: 400; color: #000000;\">R$ 1.320,00<\/span><\/p>\n<\/td>\n<\/tr>\n<tr>\n<td>\n<p><span style=\"font-weight: 400; color: #000000;\">2024<\/span><\/p>\n<\/td>\n<td>\n<p><span style=\"font-weight: 400; color: #000000;\">R$ 7.786,02<\/span><\/p>\n<\/td>\n<td>\n<p><span style=\"font-weight: 400; color: #000000;\">R$ 1.412,00<\/span><\/p>\n<\/td>\n<\/tr>\n<tr>\n<td>\n<p><span style=\"font-weight: 400; color: #000000;\">2025<\/span><\/p>\n<\/td>\n<td>\n<p><span style=\"font-weight: 400; color: #000000;\">R$ 8.157,41<\/span><\/p>\n<\/td>\n<td>\n<p><span style=\"font-weight: 400; color: #000000;\">R$ 1.518,00<\/span><\/p>\n<\/td>\n<\/tr>\n<tr>\n<td>\n<p><span style=\"color: #000000;\"><b>2026<\/b><\/span><\/p>\n<\/td>\n<td>\n<p><span style=\"color: #000000;\"><b>R$ 8.475,55<\/b><\/span><\/p>\n<\/td>\n<td>\n<p><span style=\"color: #000000;\"><b>R$ 1.621,00<\/b><\/span><\/p>\n<\/td>\n<\/tr>\n<\/tbody>\n<\/table>\n<p style=\"text-align: left;\">\u00a0<\/p>\n<p style=\"text-align: left;\"><span style=\"color: #000000;\"><i><span style=\"font-weight: 400;\">Fonte: Portaria MPS 7\/2026 \u2014 <\/span><\/i><a style=\"color: #000000;\" href=\"https:\/\/www.gov.br\/inss\/pt-br\"><i><span style=\"font-weight: 400;\">gov.br\/inss<\/span><\/i><\/a><\/span><\/p>\n<p style=\"text-align: left;\">\u00a0<\/p>\n<h2 style=\"text-align: left;\"><strong><span style=\"color: #000000;\">Tabela Resumo das 4 Regras de Transi\u00e7\u00e3o em 2026<\/span><\/strong><\/h2>\n<table class=\" alignleft\">\n<thead>\n<tr>\n<th>\n<p><span style=\"color: #000000;\"><b>Regra<\/b><\/span><\/p>\n<\/th>\n<th>\n<p><span style=\"color: #000000;\"><b>Pontua\u00e7\u00e3o \/ Idade<\/b><\/span><\/p>\n<\/th>\n<th>\n<p><span style=\"color: #000000;\"><b>Tempo M\u00ednimo<\/b><\/span><\/p>\n<\/th>\n<th>\n<p><span style=\"color: #000000;\"><b>Idade M\u00ednima<\/b><\/span><\/p>\n<\/th>\n<th>\n<p><span style=\"color: #000000;\"><b>Ped\u00e1gio<\/b><\/span><\/p>\n<\/th>\n<th>\n<p><span style=\"color: #000000;\"><b>Mudou em 2026?<\/b><\/span><\/p>\n<\/th>\n<\/tr>\n<\/thead>\n<tbody>\n<tr>\n<td>\n<p><span style=\"color: #000000;\"><b>Pontos<\/b><\/span><\/p>\n<\/td>\n<td>\n<p><span style=\"font-weight: 400; color: #000000;\">93 pts (mulher) \/ 103 pts (homem)<\/span><\/p>\n<\/td>\n<td>\n<p><span style=\"font-weight: 400; color: #000000;\">30\/35 anos<\/span><\/p>\n<\/td>\n<td>\n<p><span style=\"font-weight: 400; color: #000000;\">N\u00e3o exige<\/span><\/p>\n<\/td>\n<td>\n<p><span style=\"font-weight: 400; color: #000000;\">N\u00e3o<\/span><\/p>\n<\/td>\n<td>\n<p><span style=\"font-weight: 400; color: #000000;\">\u2705 +1 ponto<\/span><\/p>\n<\/td>\n<\/tr>\n<tr>\n<td>\n<p><span style=\"color: #000000;\"><b>Idade Progressiva<\/b><\/span><\/p>\n<\/td>\n<td>\n<p><span style=\"font-weight: 400; color: #000000;\">\u2014<\/span><\/p>\n<\/td>\n<td>\n<p><span style=\"font-weight: 400; color: #000000;\">30\/35 anos<\/span><\/p>\n<\/td>\n<td>\n<p><span style=\"font-weight: 400; color: #000000;\">59,5 anos (mulher) \/ 64,5 anos (homem)<\/span><\/p>\n<\/td>\n<td>\n<p><span style=\"font-weight: 400; color: #000000;\">N\u00e3o<\/span><\/p>\n<\/td>\n<td>\n<p><span style=\"font-weight: 400; color: #000000;\">\u2705 +6 meses<\/span><\/p>\n<\/td>\n<\/tr>\n<tr>\n<td>\n<p><span style=\"color: #000000;\"><b>Ped\u00e1gio 50%<\/b><\/span><\/p>\n<\/td>\n<td>\n<p><span style=\"font-weight: 400; color: #000000;\">\u2014<\/span><\/p>\n<\/td>\n<td>\n<p><span style=\"font-weight: 400; color: #000000;\">30\/35 anos<\/span><\/p>\n<\/td>\n<td>\n<p><span style=\"color: #000000;\"><b>N\u00e3o exige<\/b><\/span><\/p>\n<\/td>\n<td>\n<p><span style=\"font-weight: 400; color: #000000;\">50% do que faltava em 11\/2019<\/span><\/p>\n<\/td>\n<td>\n<p><span style=\"font-weight: 400; color: #000000;\">\u274c N\u00e3o<\/span><\/p>\n<\/td>\n<\/tr>\n<tr>\n<td>\n<p><span style=\"color: #000000;\"><b>Ped\u00e1gio 100%<\/b><\/span><\/p>\n<\/td>\n<td>\n<p><span style=\"font-weight: 400; color: #000000;\">\u2014<\/span><\/p>\n<\/td>\n<td>\n<p><span style=\"font-weight: 400; color: #000000;\">30\/35 anos<\/span><\/p>\n<\/td>\n<td>\n<p><span style=\"color: #000000;\"><b>57 anos (mulher) \/ 60 anos (homem)<\/b><\/span><\/p>\n<\/td>\n<td>\n<p><span style=\"font-weight: 400; color: #000000;\">100% do que faltava em 11\/2019<\/span><\/p>\n<\/td>\n<td>\n<p><span style=\"font-weight: 400; color: #000000;\">\u274c N\u00e3o<\/span><\/p>\n<\/td>\n<\/tr>\n<\/tbody>\n<\/table>\n<p style=\"text-align: left;\"><span style=\"color: #000000;\"><i><span style=\"font-weight: 400;\">Para simular sua situa\u00e7\u00e3o em cada uma dessas regras, acesse o simulador oficial do INSS: <\/span><\/i><a style=\"color: #000000;\" href=\"https:\/\/meu.inss.gov.br\"><i><span style=\"font-weight: 400;\">meu.inss.gov.br<\/span><\/i><\/a><\/span><\/p>\n<p style=\"text-align: left;\">\u00a0<\/p>\n<h2 style=\"text-align: left;\"><strong><span style=\"color: #000000;\">Erros Comuns Que Levam ao Indeferimento<\/span><\/strong><\/h2>\n<h3 style=\"text-align: left;\"><span style=\"font-weight: 400; color: #000000;\">Erro 1 \u2014 CNIS desatualizado ou com diverg\u00eancias<\/span><\/h3>\n<p style=\"text-align: left;\"><span style=\"font-weight: 400; color: #000000;\">O CNIS \u2014 Cadastro Nacional de Informa\u00e7\u00f5es Sociais \u2014 \u00e9 o documento base de toda a an\u00e1lise do INSS. Ele re\u00fane v\u00ednculos empregat\u00edcios, recolhimentos como aut\u00f4nomo, per\u00edodos de atividade especial e muito mais. O problema: o CNIS frequentemente apresenta erros \u2014 per\u00edodos faltando, v\u00ednculos duplicados, contribui\u00e7\u00f5es que n\u00e3o aparecem no sistema.<\/span><\/p>\n<p style=\"text-align: left;\"><span style=\"color: #000000;\"><span style=\"font-weight: 400;\">Antes de dar entrada na aposentadoria, acesse o aplicativo <\/span><b>Meu INSS<\/b><span style=\"font-weight: 400;\"> (dispon\u00edvel em <\/span><a style=\"color: #000000;\" href=\"https:\/\/meu.inss.gov.br\"><span style=\"font-weight: 400;\">meu.inss.gov.br<\/span><\/a><span style=\"font-weight: 400;\"> ou nas lojas de aplicativos) e verifique seu extrato com aten\u00e7\u00e3o. Se encontrar diverg\u00eancias, re\u00fana os documentos comprobat\u00f3rios (CTPS, holerites, contratos, declara\u00e7\u00f5es do empregador) e solicite a retifica\u00e7\u00e3o antes de protocolar o pedido.<\/span><\/span><\/p>\n<h3 style=\"text-align: left;\"><span style=\"font-weight: 400; color: #000000;\">Erro 2 \u2014 N\u00e3o comparar as regras dispon\u00edveis<\/span><\/h3>\n<p style=\"text-align: left;\"><span style=\"font-weight: 400; color: #000000;\">Como voc\u00ea viu, existem 4 regras de transi\u00e7\u00e3o \u2014 e cada uma leva a uma data diferente de aposentadoria e a um valor diferente de benef\u00edcio. Dar entrada pela primeira regra que vem \u00e0 mente, sem analisar as demais, pode significar trabalhar meses a mais desnecessariamente.<\/span><\/p>\n<h3 style=\"text-align: left;\"><span style=\"font-weight: 400; color: #000000;\">Erro 3 \u2014 Ignorar tempo especial e tempo rural<\/span><\/h3>\n<p style=\"text-align: left;\"><span style=\"color: #000000;\"><span style=\"font-weight: 400;\">Muitos trabalhadores n\u00e3o sabem que h\u00e1 <\/span><b>per\u00edodos que contam como tempo de contribui\u00e7\u00e3o mesmo sem recolhimento direto ao INSS<\/b><span style=\"font-weight: 400;\">, como:<\/span><\/span><\/p>\n<ul style=\"text-align: left;\">\n<li style=\"font-weight: 400;\" aria-level=\"1\"><span style=\"font-weight: 400; color: #000000;\">Tempo de servi\u00e7o militar obrigat\u00f3rio<\/span><\/li>\n<li style=\"font-weight: 400;\" aria-level=\"1\"><span style=\"font-weight: 400; color: #000000;\">Tempo de atividade rural (mediante documenta\u00e7\u00e3o)<\/span><\/li>\n<li style=\"font-weight: 400;\" aria-level=\"1\"><span style=\"font-weight: 400; color: #000000;\">Per\u00edodos de recebimento de aux\u00edlio-doen\u00e7a ou aposentadoria por incapacidade<\/span><\/li>\n<li style=\"font-weight: 400;\" aria-level=\"1\"><span style=\"color: #000000;\"><span style=\"font-weight: 400;\">Tempo de atividade especial (que pode ser <\/span><b>convertido em tempo comum<\/b><span style=\"font-weight: 400;\"> com acr\u00e9scimo, usando multiplicadores de 1,20 para mulheres e 1,40 para homens em atividades de 25 anos de exposi\u00e7\u00e3o)<\/span><\/span><\/li>\n<\/ul>\n<p style=\"text-align: left;\"><span style=\"font-weight: 400; color: #000000;\">Deixar esses per\u00edodos de fora pode fazer com que voc\u00ea trabalhe mais do que precisa.<\/span><\/p>\n<h3 style=\"text-align: left;\"><span style=\"font-weight: 400; color: #000000;\">Erro 4 \u2014 Contribui\u00e7\u00f5es em atraso para regras de ped\u00e1gio<\/span><\/h3>\n<p style=\"text-align: left;\"><span style=\"font-weight: 400; color: #000000;\">O INSS n\u00e3o computa, em regra, per\u00edodos pagos em atraso para as regras do ped\u00e1gio de 50% e 100%. Recolhimentos retroativos feitos ap\u00f3s a Reforma tendem a ser desconsiderados para fins de enquadramento nessas regras de transi\u00e7\u00e3o \u2014 mesmo que estejam quitados.<\/span><\/p>\n<p style=\"text-align: left;\"><span style=\"color: #3366ff;\"><span style=\"font-weight: 400;\">\ud83d\udccc <\/span><b>Aten\u00e7\u00e3o \u2014 Tema 1.329 STF (RE 1.508.285):<\/b><span style=\"font-weight: 400;\"> O STF reconheceu a repercuss\u00e3o geral desta quest\u00e3o em outubro de 2024. Em mar\u00e7o de 2025, o Ministro Alexandre de Moraes determinou a <\/span><b>suspens\u00e3o nacional de todos os processos<\/b><span style=\"font-weight: 400;\"> que tratam da possibilidade de complementa\u00e7\u00e3o de contribui\u00e7\u00e3o previdenci\u00e1ria para enquadramento na regra de transi\u00e7\u00e3o do art. 17 da EC 103\/2019 (ped\u00e1gio de 50%). Em maio de 2026, o <\/span><b>julgamento de m\u00e9rito pelo Plen\u00e1rio ainda n\u00e3o ocorreu<\/b><span style=\"font-weight: 400;\"> \u2014 a tese vinculante permanece pendente de fixa\u00e7\u00e3o. Quem tem processo nessa situa\u00e7\u00e3o deve acompanhar o andamento diretamente em <\/span><a style=\"color: #3366ff;\" href=\"https:\/\/portal.stf.jus.br\"><span style=\"font-weight: 400;\">portal.stf.jus.br<\/span><\/a><span style=\"font-weight: 400;\">.<\/span><\/span><\/p>\n<h3 style=\"text-align: left;\"><span style=\"font-weight: 400; color: #000000;\">Erro 5 \u2014 N\u00e3o atualizar o CNIS antes de protocolar o pedido<\/span><\/h3>\n<p style=\"text-align: left;\"><span style=\"font-weight: 400; color: #000000;\">Verificar o CNIS com anteced\u00eancia evita que o INSS indefira o pedido por falta de per\u00edodos que voc\u00ea tem direito a incluir. O simulador oficial do Meu INSS calcula automaticamente qual regra \u00e9 mais vantajosa \u2014 mas o resultado s\u00f3 \u00e9 confi\u00e1vel se o seu hist\u00f3rico de contribui\u00e7\u00e3o estiver correto e completo no sistema.<\/span><\/p>\n<p style=\"text-align: left;\">\u00a0<\/p>\n<h2 style=\"text-align: left;\"><span style=\"font-weight: 400; color: #000000;\">Perguntas Frequentes (FAQ)<\/span><\/h2>\n<ol style=\"text-align: left;\">\n<li><span style=\"color: #000000;\"><b> A aposentadoria por tempo de contribui\u00e7\u00e3o acabou completamente?<\/b><span style=\"font-weight: 400;\"> Para quem come\u00e7ou a contribuir depois de 13 de novembro de 2019, sim: n\u00e3o h\u00e1 mais aposentadoria por tempo de contribui\u00e7\u00e3o sem exig\u00eancia de idade m\u00ednima. Para quem j\u00e1 contribu\u00eda antes dessa data, existem quatro regras de transi\u00e7\u00e3o que ainda permitem a aposentadoria com base no tempo de contribui\u00e7\u00e3o \u2014 com ou sem idade m\u00ednima, dependendo da regra.<\/span><\/span><\/li>\n<\/ol>\n<ol style=\"text-align: left;\" start=\"2\">\n<li><span style=\"color: #000000;\"><b> Quantos pontos preciso para me aposentar em 2026?<\/b><span style=\"font-weight: 400;\"> Em 2026, mulheres precisam de 93 pontos e homens de 103 pontos. O c\u00e1lculo \u00e9: some sua idade atual ao total de anos de contribui\u00e7\u00e3o. Al\u00e9m da pontua\u00e7\u00e3o, \u00e9 obrigat\u00f3rio ter o tempo m\u00ednimo de contribui\u00e7\u00e3o: 30 anos para mulheres e 35 para homens.<\/span><\/span><\/li>\n<\/ol>\n<ol style=\"text-align: left;\" start=\"3\">\n<li><span style=\"color: #000000;\"><b> Posso usar mais de uma regra de transi\u00e7\u00e3o ao mesmo tempo?<\/b><span style=\"font-weight: 400;\"> N\u00e3o \u00e9 poss\u00edvel combinar regras, mas voc\u00ea pode \u2014 e deve \u2014 verificar em qual delas voc\u00ea j\u00e1 se enquadra e qual oferece a data de aposentadoria mais pr\u00f3xima ou o maior valor de benef\u00edcio. Um mesmo trabalhador pode se enquadrar em mais de uma regra simultaneamente.<\/span><\/span><\/li>\n<\/ol>\n<ol style=\"text-align: left;\" start=\"4\">\n<li><span style=\"color: #000000;\"><b> Tempo de trabalho informal conta para a aposentadoria?<\/b><span style=\"font-weight: 400;\"> Pode contar, desde que devidamente comprovado. Per\u00edodos de trabalho rural, por exemplo, podem ser reconhecidos mediante apresenta\u00e7\u00e3o de documenta\u00e7\u00e3o como notas de venda de produ\u00e7\u00e3o agr\u00edcola, declara\u00e7\u00f5es sindicais, registros escolares de filhos em zona rural e testemunhos. Cada caso exige an\u00e1lise individualizada.<\/span><\/span><\/li>\n<\/ol>\n<ol style=\"text-align: left;\" start=\"5\">\n<li><span style=\"color: #000000;\"><b> O que acontece se o INSS negar minha aposentadoria?<\/b><span style=\"font-weight: 400;\"> Voc\u00ea tem o direito de recorrer administrativamente, por meio de recurso \u00e0 Junta de Recursos da Previd\u00eancia Social (JRPS) e ao Conselho de Recursos da Previd\u00eancia Social (CRPS). Se os recursos forem negados, \u00e9 poss\u00edvel buscar a via judicial. Em muitos casos, a reuni\u00e3o da documenta\u00e7\u00e3o adequada com o apoio de um advogado previdenci\u00e1rio \u00e9 suficiente para reverter a negativa.<\/span><\/span><\/li>\n<\/ol>\n<ol style=\"text-align: left;\" start=\"6\">\n<li><span style=\"color: #000000;\"><b> O que \u00e9 o CNIS e por que ele \u00e9 importante para minha aposentadoria?<\/b><span style=\"font-weight: 400;\"> O CNIS \u2014 Cadastro Nacional de Informa\u00e7\u00f5es Sociais \u2014 \u00e9 o registro de toda a sua vida contributiva junto ao INSS: empregos com carteira assinada, contribui\u00e7\u00f5es como aut\u00f4nomo, per\u00edodos de benef\u00edcio e muito mais. \u00c9 com base no CNIS que o INSS calcula seu tempo de contribui\u00e7\u00e3o e o valor do seu benef\u00edcio. Verificar se ele est\u00e1 correto e completo antes de dar entrada \u00e9 indispens\u00e1vel.<\/span><\/span><\/li>\n<\/ol>\n<ol style=\"text-align: left;\" start=\"7\">\n<li><span style=\"color: #000000;\"><b> Existe alguma regra especial para professores?<\/b><span style=\"font-weight: 400;\"> Sim. Professores da educa\u00e7\u00e3o b\u00e1sica que comprovem exerc\u00edcio exclusivo do magist\u00e9rio na educa\u00e7\u00e3o infantil, ensino fundamental ou m\u00e9dio t\u00eam direito a uma <\/span><b>redu\u00e7\u00e3o de 5 pontos<\/b><span style=\"font-weight: 400;\"> na regra de transi\u00e7\u00e3o por pontos. Em 2026, a exig\u00eancia para professoras \u00e9 de <\/span><b>88 pontos<\/b><span style=\"font-weight: 400;\"> e para professores de <\/span><b>98 pontos<\/b><span style=\"font-weight: 400;\">. O tempo m\u00ednimo de contribui\u00e7\u00e3o tamb\u00e9m \u00e9 reduzido: 25 anos para mulheres e 30 anos para homens, desde que exclusivamente no magist\u00e9rio.<\/span><\/span><\/li>\n<\/ol>\n<p style=\"text-align: left;\">\u00a0<\/p>\n<h2 style=\"text-align: left;\"><strong><span style=\"color: #000000;\">Quando Procurar um Advogado Previdenci\u00e1rio<\/span><\/strong><\/h2>\n<p style=\"text-align: left;\"><span style=\"font-weight: 400; color: #000000;\">Nem todo caso de aposentadoria exige acompanhamento jur\u00eddico. Mas em determinadas situa\u00e7\u00f5es, a orienta\u00e7\u00e3o especializada pode significar a diferen\u00e7a entre receber o benef\u00edcio agora ou trabalhar anos a mais, e entre receber o valor correto ou menos do que voc\u00ea tem direito.<\/span><\/p>\n<p style=\"text-align: left;\"><span style=\"font-weight: 400; color: #000000;\">Considere consultar um advogado previdenci\u00e1rio quando:<\/span><\/p>\n<ul style=\"text-align: left;\">\n<li style=\"font-weight: 400;\" aria-level=\"1\"><span style=\"font-weight: 400; color: #000000;\">Voc\u00ea tem per\u00edodos de trabalho informal, rural ou militar que precisam ser reconhecidos pelo INSS<\/span><\/li>\n<li style=\"font-weight: 400;\" aria-level=\"1\"><span style=\"font-weight: 400; color: #000000;\">Seu CNIS apresenta diverg\u00eancias, per\u00edodos faltando ou v\u00ednculos incorretos<\/span><\/li>\n<li style=\"font-weight: 400;\" aria-level=\"1\"><span style=\"font-weight: 400; color: #000000;\">Voc\u00ea trabalhou em atividades insalubres ou perigosas e nunca solicitou a convers\u00e3o do tempo especial<\/span><\/li>\n<li style=\"font-weight: 400;\" aria-level=\"1\"><span style=\"font-weight: 400; color: #000000;\">O INSS indeferiu seu pedido de aposentadoria ou de reconhecimento de tempo de contribui\u00e7\u00e3o<\/span><\/li>\n<li style=\"font-weight: 400;\" aria-level=\"1\"><span style=\"font-weight: 400; color: #000000;\">Voc\u00ea n\u00e3o sabe qual das quatro regras de transi\u00e7\u00e3o \u00e9 mais vantajosa para o seu perfil<\/span><\/li>\n<li style=\"font-weight: 400;\" aria-level=\"1\"><span style=\"font-weight: 400; color: #000000;\">Voc\u00ea j\u00e1 recebe aposentadoria e suspeita que o valor calculado est\u00e1 incorreto<\/span><\/li>\n<\/ul>\n<p style=\"text-align: left;\">\u00a0<\/p>\n<h2 style=\"text-align: left;\"><strong><span style=\"color: #000000;\">Conclus\u00e3o<\/span><\/strong><\/h2>\n<p style=\"text-align: left;\"><span style=\"font-weight: 400; color: #000000;\">A aposentadoria por tempo de contribui\u00e7\u00e3o n\u00e3o acabou \u2014 ela se transformou. E quem entende as regras de transi\u00e7\u00e3o tem uma vantagem concreta sobre quem aguarda passivamente atingir a idade m\u00ednima da regra permanente.<\/span><\/p>\n<p style=\"text-align: left;\"><span style=\"font-weight: 400; color: #000000;\">Em 2026, a pontua\u00e7\u00e3o m\u00ednima subiu mais um degrau. No ano que vem, subir\u00e1 de novo. Cada ano sem planejamento pode representar meses ou anos de benef\u00edcio que voc\u00ea deixou de receber.<\/span><\/p>\n<p style=\"text-align: left;\"><span style=\"color: #000000;\"><span style=\"font-weight: 400;\">Se voc\u00ea contribuiu ao INSS antes de novembro de 2019, comece agora: acesse o simulador oficial do <\/span><b>Meu INSS<\/b><span style=\"font-weight: 400;\"> em <\/span><a style=\"color: #000000;\" href=\"https:\/\/meu.inss.gov.br\"><span style=\"font-weight: 400;\">meu.inss.gov.br<\/span><\/a><span style=\"font-weight: 400;\">, verifique seu CNIS e use a ferramenta &#8220;Simular Aposentadoria&#8221; para identificar qual regra se aplica ao seu caso.<\/span><\/span><\/p>\n<p style=\"text-align: left;\"><span style=\"font-weight: 400; color: #000000;\">Tem d\u00favidas sobre o resultado ou precisa de an\u00e1lise mais aprofundada do seu hist\u00f3rico previdenci\u00e1rio?<\/span><\/p>\n<p style=\"text-align: left;\"><span style=\"color: #000000;\"><span style=\"font-weight: 400;\">\ud83d\udccb <\/span><b>Aviso importante:<\/b><span style=\"font-weight: 400;\"> As informa\u00e7\u00f5es deste artigo t\u00eam car\u00e1ter educativo e informativo. Elas <\/span><b>n\u00e3o substituem a consulta ao simulador oficial do INSS<\/b><span style=\"font-weight: 400;\"> nem o atendimento presencial ou online nas ag\u00eancias do INSS. Cada situa\u00e7\u00e3o previdenci\u00e1ria \u00e9 \u00fanica \u2014 regras de transi\u00e7\u00e3o, reconhecimento de tempo especial e c\u00e1lculo do benef\u00edcio exigem an\u00e1lise individualizada do seu hist\u00f3rico contributivo.<\/span><\/span><\/p>\n<p style=\"text-align: left;\">\u00a0<\/p>\n<h2 style=\"text-align: left;\"><strong><span style=\"color: #000000;\">Fale com um Especialista em Direito Previdenci\u00e1rio<\/span><\/strong><\/h2>\n<p style=\"text-align: left;\"><span style=\"color: #000000;\"><span style=\"font-weight: 400;\">O escrit\u00f3rio <\/span><b>Deivison de Oliveira Sociedade Individual de Advocacia<\/b><span style=\"font-weight: 400;\"> (OAB\/RJ 186.125) atua exclusivamente em Direito Previdenci\u00e1rio e Direito do Trabalho, com atendimento 100% online para todo o Brasil.<\/span><\/span><\/p>\n<p style=\"text-align: left;\"><span style=\"color: #000000;\"><span style=\"font-weight: 400;\">\ud83d\udc49 Acesse <\/span><a style=\"color: #000000;\" href=\"https:\/\/advogadoinssrj.com\"><b>advogadoinssrj.com<\/b><\/a><span style=\"font-weight: 400;\"> e agende sua consulta.<\/span><\/span><\/p>\n<p style=\"text-align: left;\">\u00a0<\/p>\n<h2 style=\"text-align: left;\"><span style=\"font-weight: 400; color: #000000;\">Fontes e Refer\u00eancias<\/span><\/h2>\n<ol style=\"text-align: left;\">\n<li style=\"font-weight: 400;\" aria-level=\"1\"><span style=\"color: #00ccff;\"><b>Emenda Constitucional n\u00ba 103, de 12 de novembro de 2019<\/b><span style=\"font-weight: 400;\"> \u2014 Reforma da Previd\u00eancia Social. Dispon\u00edvel em: <\/span><a style=\"color: #00ccff;\" href=\"https:\/\/www.planalto.gov.br\/ccivil_03\/constituicao\/emendas\/emc\/emc103.htm\"><span style=\"font-weight: 400;\">planalto.gov.br\/ccivil_03\/constituicao\/emendas\/emc\/emc103.htm<\/span><\/a><span style=\"font-weight: 400;\">. Acesso em: 01\/05\/2026.<\/span><\/span><\/li>\n<li style=\"font-weight: 400;\" aria-level=\"1\"><span style=\"color: #00ccff;\"><b>Lei n\u00ba 8.213, de 24 de julho de 1991<\/b><span style=\"font-weight: 400;\"> \u2014 Disp\u00f5e sobre os Planos de Benef\u00edcios da Previd\u00eancia Social. Dispon\u00edvel em: <\/span><a style=\"color: #00ccff;\" href=\"https:\/\/www.planalto.gov.br\/ccivil_03\/leis\/l8213cons.htm\"><span style=\"font-weight: 400;\">planalto.gov.br<\/span><\/a><span style=\"font-weight: 400;\">. Acesso em: 01\/05\/2026.<\/span><\/span><\/li>\n<li style=\"font-weight: 400;\" aria-level=\"1\"><span style=\"color: #00ccff;\"><b>Decreto n\u00ba 3.048, de 6 de maio de 1999<\/b><span style=\"font-weight: 400;\"> \u2014 Regulamento da Previd\u00eancia Social. Dispon\u00edvel em: <\/span><a style=\"color: #00ccff;\" href=\"https:\/\/www.planalto.gov.br\/ccivil_03\/decreto\/d3048.htm\"><span style=\"font-weight: 400;\">planalto.gov.br<\/span><\/a><span style=\"font-weight: 400;\">. Acesso em: 01\/05\/2026.<\/span><\/span><\/li>\n<li style=\"font-weight: 400;\" aria-level=\"1\"><span style=\"color: #00ccff;\"><b>Constitui\u00e7\u00e3o Federal de 1988<\/b><span style=\"font-weight: 400;\"> \u2014 Arts. 201 e 202. Dispon\u00edvel em: <\/span><a style=\"color: #00ccff;\" href=\"https:\/\/www.planalto.gov.br\/ccivil_03\/constituicao\/constituicao.htm\"><span style=\"font-weight: 400;\">planalto.gov.br<\/span><\/a><span style=\"font-weight: 400;\">. Acesso em: 01\/05\/2026.<\/span><\/span><\/li>\n<li style=\"font-weight: 400;\" aria-level=\"1\"><span style=\"color: #00ccff;\"><b>Minist\u00e9rio da Previd\u00eancia Social<\/b><span style=\"font-weight: 400;\"> \u2014 Guia de Aposentadoria 2026: entenda as regras de transi\u00e7\u00e3o. Dispon\u00edvel em: <\/span><a style=\"color: #00ccff;\" href=\"https:\/\/www.gov.br\/previdencia\/pt-br\"><span style=\"font-weight: 400;\">gov.br\/previdencia<\/span><\/a><span style=\"font-weight: 400;\">. Acesso em: 01\/05\/2026.<\/span><\/span><\/li>\n<li style=\"font-weight: 400;\" aria-level=\"1\"><span style=\"color: #00ccff;\"><b>INSS \u2014 Portal Meu INSS<\/b><span style=\"font-weight: 400;\"> \u2014 Simulador de Aposentadoria. Dispon\u00edvel em: <\/span><a style=\"color: #00ccff;\" href=\"https:\/\/meu.inss.gov.br\"><span style=\"font-weight: 400;\">meu.inss.gov.br<\/span><\/a><span style=\"font-weight: 400;\">. Acesso em: 01\/05\/2026.<\/span><\/span><\/li>\n<li style=\"font-weight: 400;\" aria-level=\"1\"><span style=\"color: #00ccff;\"><b>Ag\u00eancia Gov<\/b><span style=\"font-weight: 400;\"> \u2014 Regras de transi\u00e7\u00e3o mudam os requisitos para aposentadoria em 2026. Dispon\u00edvel em: <\/span><a style=\"color: #00ccff;\" href=\"https:\/\/agenciagov.ebc.com.br\/noticias\/202601\/regras-de-transicao-mudam-os-requisitos-para-aposentadoria-em-2026\"><span style=\"font-weight: 400;\">agenciagov.ebc.com.br<\/span><\/a><span style=\"font-weight: 400;\">. Acesso em: 01\/05\/2026.<\/span><\/span><\/li>\n<li style=\"font-weight: 400;\" aria-level=\"1\"><span style=\"color: #00ccff;\"><b>STF \u2014 Tema 1.329 (RE 1.508.285)<\/b><span style=\"font-weight: 400;\"> \u2014 Contribui\u00e7\u00f5es pagas em atraso e regras de transi\u00e7\u00e3o da Reforma da Previd\u00eancia. Dispon\u00edvel em: <\/span><a style=\"color: #00ccff;\" href=\"https:\/\/portal.stf.jus.br\"><span style=\"font-weight: 400;\">portal.stf.jus.br<\/span><\/a><span style=\"font-weight: 400;\">. Acesso em: 01\/05\/2026.<\/span><\/span><\/li>\n<\/ol>\n<p style=\"text-align: left;\"><span style=\"color: #000000;\"><i><span style=\"font-weight: 400;\">Artigo produzido por Dr. Deivison de Oliveira \u2014 OAB\/RJ 186.125 | Especialista em Direito Previdenci\u00e1rio e Direito do Trabalho | <\/span><\/i><a style=\"color: #000000;\" href=\"https:\/\/advogadoinssrj.com\"><i><span style=\"font-weight: 400;\">advogadoinssrj.com<\/span><\/i><\/a><\/span><\/p>\n<p style=\"text-align: left;\"><span style=\"color: #000000;\"><i><span style=\"font-weight: 400;\">\u00daltima atualiza\u00e7\u00e3o: 02\/05\/2026<\/span><\/i><\/span><\/p>\n<p style=\"text-align: left;\"><br \/><br \/><\/p>\n\n<p style=\"text-align: left;\">\u00a0<\/p>\n\t\t\t\t\t\t\t\t<\/div>\n\t\t\t\t<\/div>\n\t\t\t\t\t<\/div>\n\t\t<\/div>\n\t\t\t\t\t<\/div>\n\t\t<\/section>\n\t\t\t\t<\/div>\n\t\t","protected":false},"excerpt":{"rendered":"<p>Voc\u00ea Ainda Pode Se Aposentar por Tempo de Contribui\u00e7\u00e3o em 2026? Essa \u00e9, de longe, uma das perguntas mais frequentes que chegam ao escrit\u00f3rio. E a resposta honesta \u00e9: sim, mas as regras mudaram \u2014 e continuam mudando a cada ano. Muita gente ainda acredita que aposentadoria por tempo de contribui\u00e7\u00e3o \u00e9 aquela antiga f\u00f3rmula [&hellip;]<\/p>\n","protected":false},"author":1,"featured_media":2668,"comment_status":"open","ping_status":"open","sticky":false,"template":"","format":"standard","meta":{"_monsterinsights_skip_tracking":false,"_monsterinsights_sitenote_active":false,"_monsterinsights_sitenote_note":"","_monsterinsights_sitenote_category":0,"_uf_show_specific_survey":0,"_uf_disable_surveys":false,"footnotes":""},"categories":[11],"tags":[17,13,19,15,20,14,18],"class_list":["post-2662","post","type-post","status-publish","format-standard","has-post-thumbnail","hentry","category-artigo","tag-advogado-inss-rio-de-janeiro-l","tag-advogado-previdenciario-rio-de-janeiro","tag-advogado-trabalhista-rio-de-janeiro","tag-aposentadoria-por-idade","tag-causa-trabalhista","tag-como-posso-me-aposentar","tag-meu-inss","wpbf-post"],"_links":{"self":[{"href":"https:\/\/advogadoinssrj.com\/index.php\/wp-json\/wp\/v2\/posts\/2662","targetHints":{"allow":["GET"]}}],"collection":[{"href":"https:\/\/advogadoinssrj.com\/index.php\/wp-json\/wp\/v2\/posts"}],"about":[{"href":"https:\/\/advogadoinssrj.com\/index.php\/wp-json\/wp\/v2\/types\/post"}],"author":[{"embeddable":true,"href":"https:\/\/advogadoinssrj.com\/index.php\/wp-json\/wp\/v2\/users\/1"}],"replies":[{"embeddable":true,"href":"https:\/\/advogadoinssrj.com\/index.php\/wp-json\/wp\/v2\/comments?post=2662"}],"version-history":[{"count":14,"href":"https:\/\/advogadoinssrj.com\/index.php\/wp-json\/wp\/v2\/posts\/2662\/revisions"}],"predecessor-version":[{"id":2677,"href":"https:\/\/advogadoinssrj.com\/index.php\/wp-json\/wp\/v2\/posts\/2662\/revisions\/2677"}],"wp:featuredmedia":[{"embeddable":true,"href":"https:\/\/advogadoinssrj.com\/index.php\/wp-json\/wp\/v2\/media\/2668"}],"wp:attachment":[{"href":"https:\/\/advogadoinssrj.com\/index.php\/wp-json\/wp\/v2\/media?parent=2662"}],"wp:term":[{"taxonomy":"category","embeddable":true,"href":"https:\/\/advogadoinssrj.com\/index.php\/wp-json\/wp\/v2\/categories?post=2662"},{"taxonomy":"post_tag","embeddable":true,"href":"https:\/\/advogadoinssrj.com\/index.php\/wp-json\/wp\/v2\/tags?post=2662"}],"curies":[{"name":"wp","href":"https:\/\/api.w.org\/{rel}","templated":true}]}}