{"id":2678,"date":"2026-05-01T20:27:34","date_gmt":"2026-05-01T23:27:34","guid":{"rendered":"https:\/\/advogadoinssrj.com\/?p=2678"},"modified":"2026-05-01T20:43:12","modified_gmt":"2026-05-01T23:43:12","slug":"aposentadoria-especial-em-2026-quem-tem-direito-como-provar-e-como-dar-entrada-no-inss","status":"publish","type":"post","link":"https:\/\/advogadoinssrj.com\/index.php\/2026\/05\/01\/aposentadoria-especial-em-2026-quem-tem-direito-como-provar-e-como-dar-entrada-no-inss\/","title":{"rendered":"Aposentadoria Especial em 2026: Quem tem direito, como provar e como dar entrada no INSS"},"content":{"rendered":"\t\t<div data-elementor-type=\"wp-post\" data-elementor-id=\"2678\" class=\"elementor elementor-2678\">\n\t\t\t\t\t\t<section class=\"elementor-section elementor-top-section elementor-element elementor-element-7232684b elementor-section-boxed elementor-section-height-default elementor-section-height-default\" data-id=\"7232684b\" data-element_type=\"section\" data-e-type=\"section\">\n\t\t\t\t\t\t<div class=\"elementor-container elementor-column-gap-default\">\n\t\t\t\t\t<div class=\"elementor-column elementor-col-100 elementor-top-column elementor-element elementor-element-3b2403b7\" data-id=\"3b2403b7\" data-element_type=\"column\" data-e-type=\"column\">\n\t\t\t<div class=\"elementor-widget-wrap elementor-element-populated\">\n\t\t\t\t\t\t<div class=\"elementor-element elementor-element-56b56208 elementor-widget elementor-widget-text-editor\" data-id=\"56b56208\" data-element_type=\"widget\" data-e-type=\"widget\" data-widget_type=\"text-editor.default\">\n\t\t\t\t<div class=\"elementor-widget-container\">\n\t\t\t\t\t\t\t\t\t\n<h2 class=\"wp-block-heading\"><span style=\"color: #000000;\"><strong>Voc\u00ea Trabalhou em Condi\u00e7\u00f5es Insalubres ou Perigosas? Pode Ter Direito a se Aposentar Mais Cedo<\/strong><\/span><\/h2>\n<p><span style=\"color: #000000;\"><\/span><\/p>\n<p><span style=\"color: #000000;\">Existe um benef\u00edcio previdenci\u00e1rio que pouqu\u00edssimos trabalhadores conhecem bem \u2014 e que pode garantir a aposentadoria anos antes do que seria poss\u00edvel pela regra comum. Ele se chama <strong>aposentadoria especial<\/strong>, e \u00e9 destinado a quem trabalhou exposto a agentes nocivos \u00e0 sa\u00fade ou \u00e0 integridade f\u00edsica: ru\u00eddo excessivo, produtos qu\u00edmicos, radia\u00e7\u00e3o, agentes biol\u00f3gicos, temperaturas extremas, risco de vida, entre outros.<\/span><\/p>\n<p><span style=\"color: #000000;\"><\/span><\/p>\n<p><span style=\"color: #000000;\">A l\u00f3gica \u00e9 simples e justa: quem passa d\u00e9cadas em ambientes que prejudicam progressivamente a sa\u00fade n\u00e3o deveria precisar aguardar os mesmos 65 anos exigidos de quem trabalhou em escrit\u00f3rio. A legisla\u00e7\u00e3o brasileira reconhece isso \u2014 mas o INSS n\u00e3o concede esse benef\u00edcio automaticamente. \u00c9 preciso saber as regras, reunir a documenta\u00e7\u00e3o correta e, muitas vezes, enfrentar uma negativa administrativa antes de conseguir o que \u00e9 de direito.<\/span><\/p>\n<p><span style=\"color: #000000;\"><\/span><\/p>\n<p><span style=\"color: #000000;\">Este guia explica tudo o que voc\u00ea precisa saber sobre a aposentadoria especial em 2026: quem tem direito, quais s\u00e3o as regras ap\u00f3s a Reforma da Previd\u00eancia, o que o INSS exige como prova, como calcular o valor do benef\u00edcio e quando procurar um advogado previdenci\u00e1rio.<\/span><\/p>\n<p><span style=\"color: #000000;\"><\/span><\/p>\n<hr class=\"wp-block-separator has-alpha-channel-opacity\" \/>\n<p><span style=\"color: #000000;\"><\/span><\/p>\n<h2 class=\"wp-block-heading\"><span style=\"color: #000000;\"><strong>O Que \u00e9 a Aposentadoria Especial e Qual \u00e9 a Base Legal<\/strong><\/span><\/h2>\n<p><span style=\"color: #000000;\"><\/span><\/p>\n<p><span style=\"color: #000000;\">A aposentadoria especial \u00e9 um benef\u00edcio previdenci\u00e1rio previsto no <strong>art. 57 da Lei 8.213\/1991<\/strong> \u2014 a Lei de Benef\u00edcios da Previd\u00eancia Social. Ela foi criada para proteger trabalhadores que exercem atividades com exposi\u00e7\u00e3o habitual e permanente a agentes prejudiciais \u00e0 sa\u00fade ou \u00e0 integridade f\u00edsica.<\/span><\/p>\n<p><span style=\"color: #000000;\"><\/span><\/p>\n<p><span style=\"color: #000000;\">A diferen\u00e7a fundamental em rela\u00e7\u00e3o \u00e0s demais modalidades de aposentadoria \u00e9 o <strong>tempo reduzido de contribui\u00e7\u00e3o<\/strong>: enquanto a regra geral exige d\u00e9cadas de trabalho, a aposentadoria especial pode ser obtida com 15, 20 ou 25 anos de atividade especial \u2014 dependendo do grau de risco da exposi\u00e7\u00e3o.<\/span><\/p>\n<p><span style=\"color: #000000;\"><\/span><\/p>\n<p><span style=\"color: #000000;\">A <strong>Emenda Constitucional 103\/2019<\/strong> (Reforma da Previd\u00eancia) trouxe mudan\u00e7as significativas: passou a exigir idade m\u00ednima para quem n\u00e3o tinha os requisitos cumpridos antes de 13 de novembro de 2019, e criou regras de transi\u00e7\u00e3o para quem j\u00e1 contribu\u00eda. Essas regras continuam v\u00e1lidas em 2026.<\/span><\/p>\n<p><span style=\"color: #000000;\"><\/span><\/p>\n<hr class=\"wp-block-separator has-alpha-channel-opacity\" \/>\n<p><span style=\"color: #000000;\"><\/span><\/p>\n<h2 class=\"wp-block-heading\"><span style=\"color: #000000;\"><strong>As Tr\u00eas Regras da Aposentadoria Especial em 2026<\/strong><\/span><\/h2>\n<p><span style=\"color: #000000;\"><\/span><\/p>\n<h3 class=\"wp-block-heading\"><span style=\"color: #000000;\">Regra 1 \u2014 Direito Adquirido (para quem completou os requisitos at\u00e9 12\/11\/2019)<\/span><\/h3>\n<p><span style=\"color: #000000;\"><\/span><\/p>\n<p><span style=\"color: #000000;\">Quem completou o tempo m\u00ednimo de atividade especial <strong>antes de 13 de novembro de 2019<\/strong> tem direito adquirido e pode se aposentar pelas regras anteriores \u00e0 Reforma \u2014 mesmo que s\u00f3 requeira o benef\u00edcio hoje.<\/span><\/p>\n<p><span style=\"color: #000000;\"><\/span><\/p>\n<p><span style=\"color: #000000;\"><strong>Requisitos:<\/strong><\/span><\/p>\n<p><span style=\"color: #000000;\"><\/span><\/p>\n<ul class=\"wp-block-list\">\n<li><span style=\"color: #000000;\">15 anos de atividade especial (alto risco) \u2014 <strong>sem idade m\u00ednima<\/strong><\/span><\/li>\n\n<li><span style=\"color: #000000;\">20 anos de atividade especial (risco moderado) \u2014 <strong>sem idade m\u00ednima<\/strong><\/span><\/li>\n\n<li><span style=\"color: #000000;\">25 anos de atividade especial (baixo risco) \u2014 <strong>sem idade m\u00ednima<\/strong><\/span><\/li>\n<\/ul>\n<p><span style=\"color: #000000;\"><\/span><\/p>\n<p><span style=\"color: #000000;\"><strong>C\u00e1lculo do benef\u00edcio pelo direito adquirido:<\/strong> 100% da m\u00e9dia aritm\u00e9tica dos 80% maiores sal\u00e1rios de contribui\u00e7\u00e3o desde julho de 1994, <strong>sem aplica\u00e7\u00e3o do fator previdenci\u00e1rio<\/strong>. Esta \u00e9 a regra mais vantajosa \u2014 tanto nos requisitos quanto no valor do benef\u00edcio.<\/span><\/p>\n<p><span style=\"color: #000000;\"><\/span><\/p>\n<p><span style=\"color: #000000;\">\u2705 Se voc\u00ea completou o tempo de atividade especial antes de novembro de 2019 e ainda n\u00e3o deu entrada, verifique seu direito adquirido imediatamente. O INSS n\u00e3o notifica o segurado \u2014 a iniciativa \u00e9 sempre do trabalhador.<\/span><\/p>\n<p><span style=\"color: #000000;\"><\/span><\/p>\n<hr class=\"wp-block-separator has-alpha-channel-opacity\" \/>\n<p><span style=\"color: #000000;\"><\/span><\/p>\n<h3 class=\"wp-block-heading\"><span style=\"color: #000000;\">Regra 2 \u2014 Transi\u00e7\u00e3o por Pontos (para quem contribu\u00eda antes da Reforma, mas n\u00e3o completou o tempo especial at\u00e9 12\/11\/2019)<\/span><\/h3>\n<p><span style=\"color: #000000;\"><\/span><\/p>\n<p><span style=\"color: #000000;\">Para quem j\u00e1 era segurado do INSS antes de novembro de 2019, mas ainda n\u00e3o tinha cumprido o tempo m\u00ednimo de atividade especial na data da Reforma, existe a <strong>regra de transi\u00e7\u00e3o por pontos<\/strong>.<\/span><\/p>\n<p><span style=\"color: #000000;\"><\/span><\/p>\n<p><span style=\"color: #000000;\"><strong>Como funciona:<\/strong> some sua idade atual com o tempo total de contribui\u00e7\u00e3o (incluindo o tempo especial). O resultado deve atingir uma pontua\u00e7\u00e3o m\u00ednima, que varia conforme o grau de risco da atividade:<\/span><\/p>\n<p><span style=\"color: #000000;\"><\/span><\/p>\n<figure class=\"wp-block-table\">\n<table class=\"has-fixed-layout\">\n<thead>\n<tr>\n<th><span style=\"color: #000000;\"><strong>Grau de Risco<\/strong><\/span><\/th>\n<th><span style=\"color: #000000;\"><strong>Tempo M\u00ednimo de Atividade Especial<\/strong><\/span><\/th>\n<th><span style=\"color: #000000;\"><strong>Pontua\u00e7\u00e3o M\u00ednima (idade + contribui\u00e7\u00e3o)<\/strong><\/span><\/th>\n<\/tr>\n<\/thead>\n<tbody>\n<tr>\n<td><span style=\"color: #000000;\">Alto (15 anos)<\/span><\/td>\n<td><span style=\"color: #000000;\">15 anos<\/span><\/td>\n<td><span style=\"color: #000000;\"><strong>66 pontos<\/strong><\/span><\/td>\n<\/tr>\n<tr>\n<td><span style=\"color: #000000;\">Moderado (20 anos)<\/span><\/td>\n<td><span style=\"color: #000000;\">20 anos<\/span><\/td>\n<td><span style=\"color: #000000;\"><strong>76 pontos<\/strong><\/span><\/td>\n<\/tr>\n<tr>\n<td><span style=\"color: #000000;\">Baixo (25 anos)<\/span><\/td>\n<td><span style=\"color: #000000;\">25 anos<\/span><\/td>\n<td><span style=\"color: #000000;\"><strong>86 pontos<\/strong><\/span><\/td>\n<\/tr>\n<\/tbody>\n<\/table>\n<\/figure>\n<p><span style=\"color: #000000;\"><\/span><\/p>\n<p><span style=\"color: #000000;\"><em>Fonte: EC 103\/2019, art. 19 \u2014 <\/em><a style=\"color: #000000;\" href=\"https:\/\/www.planalto.gov.br\/ccivil_03\/constituicao\/emendas\/emc\/emc103.htm\"><em>planalto.gov.br<\/em><\/a><\/span><\/p>\n<p><span style=\"color: #000000;\"><\/span><\/p>\n<p><span style=\"color: #000000;\"><strong>Exemplo pr\u00e1tico:<\/strong> Rodrigo trabalha como soldador h\u00e1 22 anos em condi\u00e7\u00f5es de exposi\u00e7\u00e3o a fumos met\u00e1licos (atividade de risco moderado \u2014 20 anos). Hoje ele tem 54 anos de idade e 22 anos de contribui\u00e7\u00e3o. Somando: 54 + 22 = <strong>76 pontos<\/strong>. Rodrigo j\u00e1 atingiu a pontua\u00e7\u00e3o m\u00ednima para a regra de transi\u00e7\u00e3o e pode solicitar a aposentadoria especial.<\/span><\/p>\n<p><span style=\"color: #000000;\"><\/span><\/p>\n<hr class=\"wp-block-separator has-alpha-channel-opacity\" \/>\n<p><span style=\"color: #000000;\"><\/span><\/p>\n<h3 class=\"wp-block-heading\"><span style=\"color: #000000;\">Regra 3 \u2014 Regra Permanente (para quem come\u00e7ou a contribuir ap\u00f3s 13\/11\/2019)<\/span><\/h3>\n<p><span style=\"color: #000000;\"><\/span><\/p>\n<p><span style=\"color: #000000;\">Quem iniciou contribui\u00e7\u00f5es ao INSS somente ap\u00f3s a Reforma est\u00e1 sujeito \u00e0 regra permanente, que exige <strong>idade m\u00ednima al\u00e9m do tempo de atividade especial<\/strong>:<\/span><\/p>\n<p><span style=\"color: #000000;\"><\/span><\/p>\n<figure class=\"wp-block-table\">\n<table class=\"has-fixed-layout\">\n<thead>\n<tr>\n<th><span style=\"color: #000000;\"><strong>Grau de Risco<\/strong><\/span><\/th>\n<th><span style=\"color: #000000;\"><strong>Tempo de Atividade Especial<\/strong><\/span><\/th>\n<th><span style=\"color: #000000;\"><strong>Idade M\u00ednima<\/strong><\/span><\/th>\n<\/tr>\n<\/thead>\n<tbody>\n<tr>\n<td><span style=\"color: #000000;\">Alto<\/span><\/td>\n<td><span style=\"color: #000000;\">15 anos<\/span><\/td>\n<td><span style=\"color: #000000;\"><strong>55 anos<\/strong><\/span><\/td>\n<\/tr>\n<tr>\n<td><span style=\"color: #000000;\">Moderado<\/span><\/td>\n<td><span style=\"color: #000000;\">20 anos<\/span><\/td>\n<td><span style=\"color: #000000;\"><strong>58 anos<\/strong><\/span><\/td>\n<\/tr>\n<tr>\n<td><span style=\"color: #000000;\">Baixo<\/span><\/td>\n<td><span style=\"color: #000000;\">25 anos<\/span><\/td>\n<td><span style=\"color: #000000;\"><strong>60 anos<\/strong><\/span><\/td>\n<\/tr>\n<\/tbody>\n<\/table>\n<\/figure>\n<p><span style=\"color: #000000;\"><\/span><\/p>\n<p><span style=\"color: #000000;\"><em>Fonte: EC 103\/2019, art. 19 \u2014 <\/em><a style=\"color: #000000;\" href=\"https:\/\/www.planalto.gov.br\/ccivil_03\/constituicao\/emendas\/emc\/emc103.htm\"><em>planalto.gov.br<\/em><\/a><\/span><\/p>\n<p><span style=\"color: #000000;\"><\/span><\/p>\n<hr class=\"wp-block-separator has-alpha-channel-opacity\" \/>\n<p><span style=\"color: #000000;\"><\/span><\/p>\n<h2 class=\"wp-block-heading\"><span style=\"color: #000000;\"><strong>O Que Define o &#8220;Grau de Risco&#8221; da Atividade<\/strong><\/span><\/h2>\n<p><span style=\"color: #000000;\"><\/span><\/p>\n<p><span style=\"color: #000000;\">O grau de risco da atividade \u2014 que determina se o trabalhador precisa de 15, 20 ou 25 anos para se aposentar \u2014 \u00e9 definido com base nos agentes nocivos a que o trabalhador esteve exposto e na intensidade dessa exposi\u00e7\u00e3o.<\/span><\/p>\n<p><span style=\"color: #000000;\"><\/span><\/p>\n<p><span style=\"color: #000000;\">Os principais agentes reconhecidos pelo INSS s\u00e3o:<\/span><\/p>\n<p><span style=\"color: #000000;\"><\/span><\/p>\n<p><span style=\"color: #000000;\"><strong>Agentes F\u00edsicos:<\/strong> ru\u00eddo acima dos limites legais, calor excessivo (acima de 28\u00b0C em atividades cont\u00ednuas), frio intenso (abaixo de 12\u00b0C), radia\u00e7\u00e3o ionizante, vibra\u00e7\u00e3o, umidade excessiva.<\/span><\/p>\n<p><span style=\"color: #000000;\"><\/span><\/p>\n<p><span style=\"color: #000000;\"><strong>Agentes Qu\u00edmicos:<\/strong> poeiras minerais (amianto, s\u00edlica), fumos met\u00e1licos, solventes org\u00e2nicos, agrot\u00f3xicos, subst\u00e2ncias cancer\u00edgenas, benzeno e seus compostos.<\/span><\/p>\n<p><span style=\"color: #000000;\"><\/span><\/p>\n<p><span style=\"color: #000000;\"><strong>Agentes Biol\u00f3gicos:<\/strong> contato habitual com v\u00edrus, bact\u00e9rias, fungos ou parasitas em atividades como sa\u00fade, saneamento e laborat\u00f3rios.<\/span><\/p>\n<p><span style=\"color: #000000;\"><\/span><\/p>\n<p><span style=\"color: #000000;\"><strong>Atividades de Periculosidade:<\/strong> exposi\u00e7\u00e3o a explosivos, inflam\u00e1veis, eletricidade de alta tens\u00e3o e situa\u00e7\u00f5es de risco iminente de vida.<\/span><\/p>\n<p><span style=\"color: #000000;\"><\/span><\/p>\n<p><span style=\"color: #000000;\">\u26a0\ufe0f <strong>Importante:<\/strong> Desde 29 de abril de 1995, n\u00e3o basta exercer uma profiss\u00e3o &#8220;usualmente insalubre&#8221; para ter direito \u00e0 aposentadoria especial. O INSS exige comprova\u00e7\u00e3o t\u00e9cnica da exposi\u00e7\u00e3o efetiva, habitual e permanente ao agente nocivo \u2014 caso a caso.<\/span><\/p>\n<p><span style=\"color: #000000;\"><\/span><\/p>\n<hr class=\"wp-block-separator has-alpha-channel-opacity\" \/>\n<p><span style=\"color: #000000;\"><\/span><\/p>\n<h2 class=\"wp-block-heading\"><span style=\"color: #000000;\"><strong>Os Documentos que o INSS Exige: PPP e LTCAT<\/strong><\/span><\/h2>\n<p><span style=\"color: #000000;\"><\/span><\/p>\n<p><span style=\"color: #000000;\">Este \u00e9 o ponto onde a maioria das negativas acontece. N\u00e3o basta ter trabalhado em condi\u00e7\u00f5es insalubres \u2014 \u00e9 preciso provar com documenta\u00e7\u00e3o t\u00e9cnica espec\u00edfica.<\/span><\/p>\n<p><span style=\"color: #000000;\"><\/span><\/p>\n<h3 class=\"wp-block-heading\"><span style=\"color: #000000;\">PPP \u2014 Perfil Profissiogr\u00e1fico Previdenci\u00e1rio<\/span><\/h3>\n<p><span style=\"color: #000000;\"><\/span><\/p>\n<p><span style=\"color: #000000;\">O PPP \u00e9 o documento mais importante para a aposentadoria especial. Trata-se de um formul\u00e1rio preenchido pelo <strong>empregador<\/strong> que descreve, ao longo de toda a vida laboral do trabalhador, as atividades exercidas, os agentes nocivos a que esteve exposto, a intensidade dessa exposi\u00e7\u00e3o e os equipamentos de prote\u00e7\u00e3o utilizados.<\/span><\/p>\n<p><span style=\"color: #000000;\"><\/span><\/p>\n<p><span style=\"color: #000000;\">O PPP deve ser emitido com base em laudo t\u00e9cnico (LTCAT) e entregue ao trabalhador no momento da rescis\u00e3o contratual ou sempre que solicitado. Se o seu empregador n\u00e3o emitiu ou se recusa a emitir, isso pode ser resolvido administrativamente ou judicialmente.<\/span><\/p>\n<p><span style=\"color: #000000;\"><\/span><\/p>\n<h3 class=\"wp-block-heading\"><span style=\"color: #000000;\">LTCAT \u2014 Laudo T\u00e9cnico das Condi\u00e7\u00f5es Ambientais do Trabalho<\/span><\/h3>\n<p><span style=\"color: #000000;\"><\/span><\/p>\n<p><span style=\"color: #000000;\">O LTCAT \u00e9 o laudo t\u00e9cnico que fundamenta o PPP. Deve ser elaborado por <strong>engenheiro de seguran\u00e7a do trabalho ou m\u00e9dico do trabalho<\/strong> e descreve as condi\u00e7\u00f5es ambientais do local de trabalho: os agentes presentes, sua concentra\u00e7\u00e3o ou intensidade e se ultrapassam os limites legais de toler\u00e2ncia.<\/span><\/p>\n<p><span style=\"color: #000000;\"><\/span><\/p>\n<p><span style=\"color: #000000;\">\u26a0\ufe0f <strong>E se a empresa fechou ou n\u00e3o tem os documentos?<\/strong> A jurisprud\u00eancia admite outras formas de prova: laudos t\u00e9cnicos individuais elaborados por perito, prova testemunhal, documentos similares de empresas do mesmo setor. Quando a empresa encerrou suas atividades, o INSS costuma aceitar evid\u00eancias indiretas \u2014 mas esse caminho geralmente exige orienta\u00e7\u00e3o jur\u00eddica.<\/span><\/p>\n<p><span style=\"color: #000000;\"><\/span><\/p>\n<h3 class=\"wp-block-heading\"><span style=\"color: #000000;\">O Per\u00edodo Anterior a 28\/04\/1995: Enquadramento por Categoria<\/span><\/h3>\n<p><span style=\"color: #000000;\"><\/span><\/p>\n<p><span style=\"color: #000000;\">Para per\u00edodos trabalhados <strong>at\u00e9 28 de abril de 1995<\/strong>, a legisla\u00e7\u00e3o permitia o reconhecimento de atividade especial pelo simples enquadramento na categoria profissional \u2014 sem necessidade de laudo t\u00e9cnico. Nesse caso, basta comprovar o v\u00ednculo empregat\u00edcio e a fun\u00e7\u00e3o exercida por meio da CTPS (Carteira de Trabalho).<\/span><\/p>\n<p><span style=\"color: #000000;\"><\/span><\/p>\n<p><span style=\"color: #000000;\">Profiss\u00f5es como auxiliar de enfermagem, eletricista, operador de raio-X, minerador e outras eram automaticamente reconhecidas como especiais nesse per\u00edodo. Se voc\u00ea exerceu essas atividades antes de abril de 1995, verifique se esse tempo pode ser reconhecido.<\/span><\/p>\n<p><span style=\"color: #000000;\"><\/span><\/p>\n<hr class=\"wp-block-separator has-alpha-channel-opacity\" \/>\n<p><span style=\"color: #000000;\"><\/span><\/p>\n<h2 class=\"wp-block-heading\"><span style=\"color: #000000;\"><strong>EPI Elimina o Direito \u00e0 Aposentadoria Especial?<\/strong><\/span><\/h2>\n<p><span style=\"color: #000000;\"><\/span><\/p>\n<p><span style=\"color: #000000;\">Essa \u00e9 uma das d\u00favidas mais frequentes \u2014 e a resposta \u00e9: <strong>depende do agente nocivo<\/strong>.<\/span><\/p>\n<p><span style=\"color: #000000;\"><\/span><\/p>\n<p><span style=\"color: #000000;\">O STF julgou o <strong>Tema 555 (ARE 664.335)<\/strong> e estabeleceu que o uso de Equipamento de Prote\u00e7\u00e3o Individual (EPI) eficaz pode, em tese, afastar o direito \u00e0 aposentadoria especial. No entanto, h\u00e1 exce\u00e7\u00f5es importantes:<\/span><\/p>\n<p><span style=\"color: #000000;\"><\/span><\/p>\n<ul class=\"wp-block-list\">\n<li><span style=\"color: #000000;\"><strong>Ru\u00eddo:<\/strong> o EPI (protetor auricular) <strong>n\u00e3o afasta<\/strong> o direito \u00e0 aposentadoria especial por exposi\u00e7\u00e3o a ru\u00eddo, pois n\u00e3o elimina completamente o risco.<\/span><\/li>\n\n<li><span style=\"color: #000000;\"><strong>Agentes cancer\u00edgenos:<\/strong> o EPI tamb\u00e9m <strong>n\u00e3o afasta<\/strong> o direito quando se trata de agentes cancer\u00edgenos comprovados.<\/span><\/li>\n\n<li><span style=\"color: #000000;\"><strong>Demais agentes:<\/strong> o INSS pode questionar o direito se o PPP indicar que o EPI era eficaz e eliminava a nocividade. Nesses casos, a an\u00e1lise \u00e9 individualizada.<\/span><\/li>\n<\/ul>\n<p><span style=\"color: #000000;\"><\/span><\/p>\n<p><span style=\"color: #000000;\">Na pr\u00e1tica, o INSS frequentemente nega benef\u00edcios alegando que o uso de EPI eliminava o risco. Essa negativa pode e deve ser contestada \u2014 tanto administrativamente quanto judicialmente.<\/span><\/p>\n<p><span style=\"color: #000000;\"><\/span><\/p>\n<hr class=\"wp-block-separator has-alpha-channel-opacity\" \/>\n<p><span style=\"color: #000000;\"><\/span><\/p>\n<h2 class=\"wp-block-heading\"><span style=\"color: #000000;\"><strong>Como \u00e9 Calculado o Valor da Aposentadoria Especial em 2026<\/strong><\/span><\/h2>\n<p><span style=\"color: #000000;\"><\/span><\/p>\n<p><span style=\"color: #000000;\">O c\u00e1lculo varia conforme a regra aplic\u00e1vel ao seu caso:<\/span><\/p>\n<p><span style=\"color: #000000;\"><\/span><\/p>\n<h3 class=\"wp-block-heading\"><span style=\"color: #000000;\">Regra Antiga (direito adquirido \u2014 completou requisitos at\u00e9 12\/11\/2019)<\/span><\/h3>\n<p><span style=\"color: #000000;\"><\/span><\/p>\n<ul class=\"wp-block-list\">\n<li><span style=\"color: #000000;\">Base: m\u00e9dia aritm\u00e9tica dos <strong>80% maiores sal\u00e1rios<\/strong> de contribui\u00e7\u00e3o desde julho de 1994<\/span><\/li>\n\n<li><span style=\"color: #000000;\">Coeficiente: <strong>100%<\/strong> da m\u00e9dia (sem fator previdenci\u00e1rio)<\/span><\/li>\n\n<li><span style=\"color: #000000;\">Resultado: benef\u00edcio integral, sem redutor<\/span><\/li>\n<\/ul>\n<p><span style=\"color: #000000;\"><\/span><\/p>\n<h3 class=\"wp-block-heading\"><span style=\"color: #000000;\">Regra de Transi\u00e7\u00e3o e Regra Permanente<\/span><\/h3>\n<p><span style=\"color: #000000;\"><\/span><\/p>\n<ul class=\"wp-block-list\">\n<li><span style=\"color: #000000;\">Base: m\u00e9dia de <strong>100% de todos os sal\u00e1rios<\/strong> de contribui\u00e7\u00e3o desde julho de 1994<\/span><\/li>\n\n<li><span style=\"color: #000000;\">Coeficiente: <strong>60%<\/strong> da m\u00e9dia + <strong>2% por ano<\/strong> que exceder:<\/span>\n<ul class=\"wp-block-list\">\n<li><span style=\"color: #000000;\">15 anos de contribui\u00e7\u00e3o (mulheres)<\/span><\/li>\n\n<li><span style=\"color: #000000;\">20 anos de contribui\u00e7\u00e3o (homens)<\/span><\/li>\n\n<li><span style=\"color: #000000;\">Exce\u00e7\u00e3o: para atividades de alto risco (15 anos de exposi\u00e7\u00e3o), o acr\u00e9scimo de 2% se aplica a cada ano que exceder 15 anos, para ambos os sexos<\/span><\/li>\n<\/ul>\n<span style=\"color: #000000;\"><\/span><\/li>\n<\/ul>\n<p><span style=\"color: #000000;\"><\/span><\/p>\n<p><span style=\"color: #000000;\"><strong>Exemplo de c\u00e1lculo (regra de transi\u00e7\u00e3o \u2014 homem, 25 anos de contribui\u00e7\u00e3o):<\/strong><\/span><\/p>\n<p><span style=\"color: #000000;\"><\/span><\/p>\n<ul class=\"wp-block-list\">\n<li><span style=\"color: #000000;\">M\u00e9dia de todos os sal\u00e1rios: R$ 5.000,00<\/span><\/li>\n\n<li><span style=\"color: #000000;\">Excedente: 25 &#8211; 20 = 5 anos<\/span><\/li>\n\n<li><span style=\"color: #000000;\">Coeficiente: 60% + (5 \u00d7 2%) = 60% + 10% = <strong>70%<\/strong><\/span><\/li>\n\n<li><span style=\"color: #000000;\">Valor do benef\u00edcio: 70% \u00d7 R$ 5.000,00 = <strong>R$ 3.500,00<\/strong><\/span><\/li>\n<\/ul>\n<p><span style=\"color: #000000;\"><\/span><\/p>\n<p><span style=\"color: #000000;\">\u26a0\ufe0f <strong>Limites em 2026:<\/strong> piso de <strong>R$ 1.621,00<\/strong> (sal\u00e1rio m\u00ednimo) e teto de <strong>R$ 8.475,55<\/strong>, conforme a Portaria MPS 7\/2026 e o Decreto 12.797\/2025.<\/span><\/p>\n<p><span style=\"color: #000000;\"><\/span><\/p>\n<hr class=\"wp-block-separator has-alpha-channel-opacity\" \/>\n<p><span style=\"color: #000000;\"><\/span><\/p>\n<h2 class=\"wp-block-heading\"><span style=\"color: #000000;\"><strong>Posso Continuar Trabalhando Ap\u00f3s a Aposentadoria Especial?<\/strong><\/span><\/h2>\n<p><span style=\"color: #000000;\"><\/span><\/p>\n<p><span style=\"color: #000000;\">Esta \u00e9 outra d\u00favida frequente \u2014 e a resposta exige aten\u00e7\u00e3o. O STF julgou o <strong>Tema 709 (RE 791.961)<\/strong> e fixou a seguinte regra:<\/span><\/p>\n<p><span style=\"color: #000000;\"><\/span><\/p>\n<ul class=\"wp-block-list\">\n<li><span style=\"color: #000000;\">O aposentado especial <strong>n\u00e3o pode<\/strong> continuar trabalhando em atividade com exposi\u00e7\u00e3o a agentes nocivos. Se continuar, o INSS pode <strong>cancelar o benef\u00edcio<\/strong>.<\/span><\/li>\n\n<li><span style=\"color: #000000;\">O aposentado especial <strong>pode<\/strong> exercer atividade comum (sem exposi\u00e7\u00e3o a agentes nocivos) sem perder o benef\u00edcio.<\/span><\/li>\n<\/ul>\n<p><span style=\"color: #000000;\"><\/span><\/p>\n<p><span style=\"color: #000000;\">Na pr\u00e1tica: se voc\u00ea se aposentar como soldador por exposi\u00e7\u00e3o a fumos met\u00e1licos, n\u00e3o pode continuar soldando. Mas pode trabalhar como vendedor, administrativo ou em qualquer outra fun\u00e7\u00e3o que n\u00e3o envolva exposi\u00e7\u00e3o a agentes nocivos.<\/span><\/p>\n<p><span style=\"color: #000000;\"><\/span><\/p>\n<hr class=\"wp-block-separator has-alpha-channel-opacity\" \/>\n<p><span style=\"color: #000000;\"><\/span><\/p>\n<h2 class=\"wp-block-heading\"><span style=\"color: #000000;\"><strong>Convers\u00e3o de Tempo Especial em Tempo Comum<\/strong><\/span><\/h2>\n<p><span style=\"color: #000000;\"><\/span><\/p>\n<p><span style=\"color: #000000;\">Se voc\u00ea trabalhou em atividade especial, mas n\u00e3o tem o tempo m\u00ednimo para a aposentadoria especial \u2014 ou prefere se aposentar por outra modalidade \u2014, \u00e9 poss\u00edvel <strong>converter o tempo especial em tempo comum<\/strong>, com um acr\u00e9scimo proporcional ao grau de risco.<\/span><\/p>\n<p><span style=\"color: #000000;\"><\/span><\/p>\n<p><span style=\"color: #000000;\">Os multiplicadores vigentes para convers\u00e3o de especial para comum s\u00e3o:<\/span><\/p>\n<p><span style=\"color: #000000;\"><\/span><\/p>\n<figure class=\"wp-block-table\">\n<table class=\"has-fixed-layout\">\n<thead>\n<tr>\n<th><span style=\"color: #000000;\"><strong>Tempo de Atividade Especial<\/strong><\/span><\/th>\n<th><span style=\"color: #000000;\"><strong>Multiplicador (Homem)<\/strong><\/span><\/th>\n<th><span style=\"color: #000000;\"><strong>Multiplicador (Mulher)<\/strong><\/span><\/th>\n<\/tr>\n<\/thead>\n<tbody>\n<tr>\n<td><span style=\"color: #000000;\">15 anos (alto risco)<\/span><\/td>\n<td><span style=\"color: #000000;\"><strong>2,33<\/strong><\/span><\/td>\n<td><span style=\"color: #000000;\"><strong>2,00<\/strong><\/span><\/td>\n<\/tr>\n<tr>\n<td><span style=\"color: #000000;\">20 anos (risco moderado)<\/span><\/td>\n<td><span style=\"color: #000000;\"><strong>1,75<\/strong><\/span><\/td>\n<td><span style=\"color: #000000;\"><strong>1,50<\/strong><\/span><\/td>\n<\/tr>\n<tr>\n<td><span style=\"color: #000000;\">25 anos (baixo risco)<\/span><\/td>\n<td><span style=\"color: #000000;\"><strong>1,40<\/strong><\/span><\/td>\n<td><span style=\"color: #000000;\"><strong>1,20<\/strong><\/span><\/td>\n<\/tr>\n<\/tbody>\n<\/table>\n<\/figure>\n<p><span style=\"color: #000000;\"><\/span><\/p>\n<p><span style=\"color: #000000;\"><strong>Exemplo:<\/strong> Jo\u00e3o trabalhou 10 anos em atividade de risco moderado (multiplicador 1,75). A convers\u00e3o resulta em: 10 \u00d7 1,75 = <strong>17,5 anos de tempo comum<\/strong>. Esse tempo pode ser somado a per\u00edodos de trabalho comum para atingir os requisitos de outras modalidades de aposentadoria.<\/span><\/p>\n<p><span style=\"color: #000000;\"><\/span><\/p>\n<hr class=\"wp-block-separator has-alpha-channel-opacity\" \/>\n<p><span style=\"color: #000000;\"><\/span><\/p>\n<h2 class=\"wp-block-heading\"><span style=\"color: #000000;\">Erros Comuns Que Levam \u00e0 Negativa do INSS<\/span><\/h2>\n<p><span style=\"color: #000000;\"><\/span><\/p>\n<p><span style=\"color: #000000;\"><strong>Erro 1 \u2014 PPP incompleto ou com dados incorretos<\/strong> O PPP preenchido de forma gen\u00e9rica, sem especificar os agentes nocivos, a intensidade da exposi\u00e7\u00e3o e os resultados de medi\u00e7\u00f5es ambientais, \u00e9 a principal causa de indeferimento. Verifique sempre se o documento \u00e9 espec\u00edfico para o seu posto de trabalho.<\/span><\/p>\n<p><span style=\"color: #000000;\"><\/span><\/p>\n<p><span style=\"color: #000000;\"><strong>Erro 2 \u2014 Per\u00edodo de exposi\u00e7\u00e3o marcado como &#8220;n\u00e3o habitual&#8221;<\/strong> O INSS exige exposi\u00e7\u00e3o <strong>habitual e permanente<\/strong> \u2014 n\u00e3o ocasional. Se o PPP indicar que a exposi\u00e7\u00e3o era eventual ou intermitente, o per\u00edodo pode ser descaracterizado. Isso ocorre frequentemente quando o trabalhador exercia m\u00faltiplas fun\u00e7\u00f5es e nem todas envolviam o agente nocivo.<\/span><\/p>\n<p><span style=\"color: #000000;\"><\/span><\/p>\n<p><span style=\"color: #000000;\"><strong>Erro 3 \u2014 N\u00e3o reconhecer per\u00edodos anteriores a 1995<\/strong> Muitos trabalhadores desconhecem que o tempo trabalhado em atividades especiais <strong>antes de 28\/04\/1995<\/strong> pode ser reconhecido apenas com a CTPS, sem necessidade de laudo. Deixar esse per\u00edodo de fora pode fazer diferen\u00e7a de anos no c\u00e1lculo.<\/span><\/p>\n<p><span style=\"color: #000000;\"><\/span><\/p>\n<p><span style=\"color: #000000;\"><strong>Erro 4 \u2014 N\u00e3o solicitar a convers\u00e3o do tempo especial<\/strong> Mesmo que o trabalhador n\u00e3o tenha o tempo m\u00ednimo para a aposentadoria especial, o tempo especial pode ser <strong>convertido em tempo comum<\/strong> com acr\u00e9scimo. Muitos segurados se aposentam mais cedo utilizando essa convers\u00e3o sem saber que tinham esse direito.<\/span><\/p>\n<p><span style=\"color: #000000;\"><\/span><\/p>\n<p><span style=\"color: #000000;\"><strong>Erro 5 \u2014 Aceitar a negativa do INSS sem recorrer<\/strong> O INSS nega com frequ\u00eancia pedidos de aposentadoria especial por documenta\u00e7\u00e3o insuficiente ou por contestar o grau de exposi\u00e7\u00e3o. Essa negativa pode ser revertida administrativamente (recurso \u00e0 JRPS) ou judicialmente. Na nossa atua\u00e7\u00e3o perante o TRF-2\u00aa Regi\u00e3o, casos de revers\u00e3o de negativas com apresenta\u00e7\u00e3o de laudo t\u00e9cnico complementar s\u00e3o mais comuns do que se imagina.<\/span><\/p>\n<p><span style=\"color: #000000;\"><\/span><\/p>\n<hr class=\"wp-block-separator has-alpha-channel-opacity\" \/>\n<p><span style=\"color: #000000;\"><\/span><\/p>\n<h2 class=\"wp-block-heading\"><span style=\"color: #000000;\">Tabela de Profiss\u00f5es que Frequentemente T\u00eam Tempo Especial Reconhecido<\/span><\/h2>\n<p><span style=\"color: #000000;\"><\/span><\/p>\n<p><span style=\"color: #000000;\">A lista abaixo \u00e9 <strong>ilustrativa<\/strong> \u2014 n\u00e3o taxativa. O direito depende sempre da comprova\u00e7\u00e3o individual da exposi\u00e7\u00e3o, e n\u00e3o da profiss\u00e3o em si.<\/span><\/p>\n<p><span style=\"color: #000000;\"><\/span><\/p>\n<figure class=\"wp-block-table\">\n<table class=\"has-fixed-layout\">\n<thead>\n<tr>\n<th><span style=\"color: #000000;\"><strong>Profiss\u00e3o<\/strong><\/span><\/th>\n<th><span style=\"color: #000000;\"><strong>Agente Nocivo T\u00edpico<\/strong><\/span><\/th>\n<th><span style=\"color: #000000;\"><strong>Grau de Risco Usual<\/strong><\/span><\/th>\n<\/tr>\n<\/thead>\n<tbody>\n<tr>\n<td><span style=\"color: #000000;\">Soldador<\/span><\/td>\n<td><span style=\"color: #000000;\">Fumos met\u00e1licos, ru\u00eddo<\/span><\/td>\n<td><span style=\"color: #000000;\">Moderado (20 anos)<\/span><\/td>\n<\/tr>\n<tr>\n<td><span style=\"color: #000000;\">Auxiliar \/ T\u00e9cnico de Enfermagem<\/span><\/td>\n<td><span style=\"color: #000000;\">Agentes biol\u00f3gicos<\/span><\/td>\n<td><span style=\"color: #000000;\">Alto (15 anos)<\/span><\/td>\n<\/tr>\n<tr>\n<td><span style=\"color: #000000;\">Operador de Raio-X \/ Radiologia<\/span><\/td>\n<td><span style=\"color: #000000;\">Radia\u00e7\u00e3o ionizante<\/span><\/td>\n<td><span style=\"color: #000000;\">Alto (15 anos)<\/span><\/td>\n<\/tr>\n<tr>\n<td><span style=\"color: #000000;\">Mineiro (subsolo)<\/span><\/td>\n<td><span style=\"color: #000000;\">Poeira, gases, vibra\u00e7\u00e3o<\/span><\/td>\n<td><span style=\"color: #000000;\">Alto (15 anos)<\/span><\/td>\n<\/tr>\n<tr>\n<td><span style=\"color: #000000;\">Motorista de \u00f4nibus urbano<\/span><\/td>\n<td><span style=\"color: #000000;\">Ru\u00eddo, vibra\u00e7\u00e3o<\/span><\/td>\n<td><span style=\"color: #000000;\">Moderado (20 anos)<\/span><\/td>\n<\/tr>\n<tr>\n<td><span style=\"color: #000000;\">Operador de prensa \/ estamparia<\/span><\/td>\n<td><span style=\"color: #000000;\">Ru\u00eddo<\/span><\/td>\n<td><span style=\"color: #000000;\">Moderado (20 anos)<\/span><\/td>\n<\/tr>\n<tr>\n<td><span style=\"color: #000000;\">Trabalhador em frigor\u00edfico<\/span><\/td>\n<td><span style=\"color: #000000;\">Frio intenso, agentes biol\u00f3gicos<\/span><\/td>\n<td><span style=\"color: #000000;\">Moderado (20 anos)<\/span><\/td>\n<\/tr>\n<tr>\n<td><span style=\"color: #000000;\">Eletricista (alta tens\u00e3o)<\/span><\/td>\n<td><span style=\"color: #000000;\">Periculosidade el\u00e9trica<\/span><\/td>\n<td><span style=\"color: #000000;\">Moderado (20 anos)<\/span><\/td>\n<\/tr>\n<tr>\n<td><span style=\"color: #000000;\">Pintor industrial<\/span><\/td>\n<td><span style=\"color: #000000;\">Solventes, tolueno<\/span><\/td>\n<td><span style=\"color: #000000;\">Moderado (20 anos)<\/span><\/td>\n<\/tr>\n<tr>\n<td><span style=\"color: #000000;\">Trabalhador em c\u00e2mara fria<\/span><\/td>\n<td><span style=\"color: #000000;\">Frio intenso<\/span><\/td>\n<td><span style=\"color: #000000;\">Moderado (20 anos)<\/span><\/td>\n<\/tr>\n<\/tbody>\n<\/table>\n<\/figure>\n<p><span style=\"color: #000000;\"><\/span><\/p>\n<hr class=\"wp-block-separator has-alpha-channel-opacity\" \/>\n<p><span style=\"color: #000000;\"><\/span><\/p>\n<h2 class=\"wp-block-heading\"><span style=\"color: #000000;\"><strong>Como Dar Entrada na Aposentadoria Especial: Passo a Passo<\/strong><\/span><\/h2>\n<p><span style=\"color: #000000;\"><\/span><\/p>\n<p><span style=\"color: #000000;\"><strong>Passo 1 \u2014 Verifique seu tempo de atividade especial<\/strong> Acesse o aplicativo <strong>Meu INSS<\/strong> (<a style=\"color: #000000;\" href=\"https:\/\/meu.inss.gov.br\">meu.inss.gov.br<\/a>) e consulte seu CNIS. Verifique se os per\u00edodos de atividade especial est\u00e3o corretamente registrados. Se houver diverg\u00eancias, providencie a corre\u00e7\u00e3o antes de protocolar o pedido.<\/span><\/p>\n<p><span style=\"color: #000000;\"><\/span><\/p>\n<p><span style=\"color: #000000;\"><strong>Passo 2 \u2014 Re\u00fana a documenta\u00e7\u00e3o<\/strong><\/span><\/p>\n<p><span style=\"color: #000000;\"><\/span><\/p>\n<ul class=\"wp-block-list\">\n<li><span style=\"color: #000000;\">PPP (Perfil Profissiogr\u00e1fico Previdenci\u00e1rio) de todos os empregadores que expuseram voc\u00ea a agentes nocivos<\/span><\/li>\n\n<li><span style=\"color: #000000;\">LTCAT (Laudo T\u00e9cnico das Condi\u00e7\u00f5es Ambientais de Trabalho)<\/span><\/li>\n\n<li><span style=\"color: #000000;\">CTPS para per\u00edodos anteriores a 28\/04\/1995<\/span><\/li>\n\n<li><span style=\"color: #000000;\">Documentos pessoais: RG, CPF, comprovante de resid\u00eancia<\/span><\/li>\n<\/ul>\n<p><span style=\"color: #000000;\"><\/span><\/p>\n<p><span style=\"color: #000000;\"><strong>Passo 3 \u2014 Simule sua aposentadoria<\/strong> Antes de protocolar, use a op\u00e7\u00e3o &#8220;Simular Aposentadoria&#8221; no Meu INSS para verificar qual regra se aplica ao seu caso e qual oferece o maior benef\u00edcio.<\/span><\/p>\n<p><span style=\"color: #000000;\"><\/span><\/p>\n<p><span style=\"color: #000000;\"><strong>Passo 4 \u2014 Protocole o pedido pelo Meu INSS<\/strong> Acesse <a style=\"color: #000000;\" href=\"https:\/\/meu.inss.gov.br\">meu.inss.gov.br<\/a>, clique em &#8220;Novo Pedido&#8221; e selecione &#8220;Aposentadoria Especial&#8221;. O INSS tem prazo de 30 dias para analisar o pedido, prorrog\u00e1vel por mais 30 dias.<\/span><\/p>\n<p><span style=\"color: #000000;\"><\/span><\/p>\n<p><span style=\"color: #000000;\"><strong>Passo 5 \u2014 Acompanhe o andamento<\/strong> Ap\u00f3s o protocolo, acompanhe a an\u00e1lise pelo Meu INSS. Se o INSS solicitar documenta\u00e7\u00e3o complementar, responda dentro do prazo indicado para evitar o arquivamento do processo.<\/span><\/p>\n<p><span style=\"color: #000000;\"><\/span><\/p>\n<hr class=\"wp-block-separator has-alpha-channel-opacity\" \/>\n<p><span style=\"color: #000000;\"><\/span><\/p>\n<h2 class=\"wp-block-heading\"><span style=\"color: #000000;\"><strong>Perguntas Frequentes (FAQ)<\/strong><\/span><\/h2>\n<p><span style=\"color: #000000;\"><\/span><\/p>\n<p><span style=\"color: #000000;\"><strong>1. Qualquer trabalhador que recebe adicional de insalubridade tem direito \u00e0 aposentadoria especial?<\/strong> N\u00e3o necessariamente. O adicional de insalubridade (CLT) e o reconhecimento de tempo especial (INSS) s\u00e3o institutos distintos, com crit\u00e9rios diferentes. O adicional trabalhista pode ser pago mesmo para exposi\u00e7\u00f5es que o INSS n\u00e3o reconhece como especiais \u2014 e vice-versa. O adicional \u00e9 um ind\u00edcio importante, mas n\u00e3o \u00e9 prova suficiente sozinho.<\/span><\/p>\n<p><span style=\"color: #000000;\"><\/span><\/p>\n<p><span style=\"color: #000000;\"><strong>2. E se minha empresa fechou e n\u00e3o tenho o PPP?<\/strong> Quando a empresa encerrou as atividades e n\u00e3o h\u00e1 PPP dispon\u00edvel, o INSS pode aceitar outras formas de prova: laudos t\u00e9cnicos elaborados por perito de forma retroativa (com base em documentos da empresa), provas testemunhais, registros sindicais ou laudos de empresas similares do mesmo setor. Nesses casos, a orienta\u00e7\u00e3o de um advogado previdenci\u00e1rio \u00e9 fundamental para identificar as alternativas dispon\u00edveis.<\/span><\/p>\n<p><span style=\"color: #000000;\"><\/span><\/p>\n<p><span style=\"color: #000000;\"><strong>3. Posso misturar tempo especial de categorias diferentes?<\/strong> Sim. \u00c9 poss\u00edvel somar per\u00edodos de atividade especial com graus de risco diferentes, desde que cada per\u00edodo seja individualmente comprovado. O tempo de cada per\u00edodo \u00e9 somado ap\u00f3s a convers\u00e3o proporcional, conforme os multiplicadores aplic\u00e1veis.<\/span><\/p>\n<p><span style=\"color: #000000;\"><\/span><\/p>\n<p><span style=\"color: #000000;\"><strong>4. O tempo de atividade especial conta para a car\u00eancia?<\/strong> Sim. O tempo de atividade especial conta tanto para o tempo de contribui\u00e7\u00e3o quanto para a car\u00eancia m\u00ednima de 180 contribui\u00e7\u00f5es (15 anos), exigida para todas as modalidades de aposentadoria.<\/span><\/p>\n<p><span style=\"color: #000000;\"><\/span><\/p>\n<p><span style=\"color: #000000;\"><strong>5. O que \u00e9 a ADI 6.309 e por que ela \u00e9 importante?<\/strong> A ADI 6.309 questiona a constitucionalidade das mudan\u00e7as trazidas pela EC 103\/2019 \u00e0 aposentadoria especial \u2014 em especial a exig\u00eancia de idade m\u00ednima. O julgamento ainda est\u00e1 pendente no STF. Uma eventual declara\u00e7\u00e3o de inconstitucionalidade pode impactar tanto as regras permanentes quanto as de transi\u00e7\u00e3o, beneficiando trabalhadores que ainda n\u00e3o atingiram a idade m\u00ednima exigida. Vale acompanhar o andamento em <a style=\"color: #000000;\" href=\"https:\/\/portal.stf.jus.br\">portal.stf.jus.br<\/a>.<\/span><\/p>\n<p><span style=\"color: #000000;\"><\/span><\/p>\n<p><span style=\"color: #000000;\"><strong>6. Qual a diferen\u00e7a entre aposentadoria especial e aux\u00edlio-acidente?<\/strong> S\u00e3o benef\u00edcios distintos. A aposentadoria especial decorre da exposi\u00e7\u00e3o habitual a agentes nocivos ao longo da carreira. O aux\u00edlio-acidente (Esp\u00e9cie 94) \u00e9 pago ao segurado que sofreu acidente de trabalho ou doen\u00e7a ocupacional e ficou com sequela permanente que reduz sua capacidade laborativa. \u00c9 poss\u00edvel acumular os dois benef\u00edcios em determinadas situa\u00e7\u00f5es.<\/span><\/p>\n<p><span style=\"color: #000000;\"><\/span><\/p>\n<hr class=\"wp-block-separator has-alpha-channel-opacity\" \/>\n<p><span style=\"color: #000000;\"><\/span><\/p>\n<h2 class=\"wp-block-heading\"><span style=\"color: #000000;\"><strong>Quando Procurar um Advogado Previdenci\u00e1rio<\/strong><\/span><\/h2>\n<p><span style=\"color: #000000;\"><\/span><\/p>\n<p><span style=\"color: #000000;\">A aposentadoria especial \u00e9 uma das modalidades de aposentadoria com maior \u00edndice de negativa pelo INSS \u2014 justamente porque a comprova\u00e7\u00e3o t\u00e9cnica \u00e9 complexa e o INSS frequentemente questiona a qualidade dos documentos ou o grau de exposi\u00e7\u00e3o.<\/span><\/p>\n<p><span style=\"color: #000000;\"><\/span><\/p>\n<p><span style=\"color: #000000;\">Considere procurar orienta\u00e7\u00e3o jur\u00eddica especializada quando:<\/span><\/p>\n<p><span style=\"color: #000000;\"><\/span><\/p>\n<ul class=\"wp-block-list\">\n<li><span style=\"color: #000000;\">O INSS negou ou indeferiu seu pedido de aposentadoria especial<\/span><\/li>\n\n<li><span style=\"color: #000000;\">Voc\u00ea n\u00e3o tem o PPP ou o seu empregador se recusa a emitir o documento<\/span><\/li>\n\n<li><span style=\"color: #000000;\">A empresa onde voc\u00ea trabalhou encerrou as atividades<\/span><\/li>\n\n<li><span style=\"color: #000000;\">Voc\u00ea trabalhou em atividade especial antes de 1995 e n\u00e3o sabe como comprovar<\/span><\/li>\n\n<li><span style=\"color: #000000;\">Voc\u00ea quer saber se vale mais a pena usar a aposentadoria especial ou converter o tempo especial em comum<\/span><\/li>\n\n<li><span style=\"color: #000000;\">Voc\u00ea n\u00e3o sabe qual das regras (direito adquirido, transi\u00e7\u00e3o ou permanente) se aplica ao seu caso<\/span><\/li>\n<\/ul>\n<p><span style=\"color: #000000;\"><\/span><\/p>\n<hr class=\"wp-block-separator has-alpha-channel-opacity\" \/>\n<p><span style=\"color: #000000;\"><\/span><\/p>\n<h2 class=\"wp-block-heading\"><span style=\"color: #000000;\">Conclus\u00e3o<\/span><\/h2>\n<p><span style=\"color: #000000;\"><\/span><\/p>\n<p><span style=\"color: #000000;\">A aposentadoria especial \u00e9 um direito importante \u2014 e frequentemente ignorado \u2014 de trabalhadores que dedicaram anos a atividades que comprometem a sa\u00fade. Em 2026, as regras s\u00e3o mais complexas do que antes da Reforma, mas o benef\u00edcio continua acess\u00edvel para quem tem o tempo de exposi\u00e7\u00e3o e a documenta\u00e7\u00e3o adequada.<\/span><\/p>\n<p><span style=\"color: #000000;\"><\/span><\/p>\n<p><span style=\"color: #000000;\">O caminho come\u00e7a com uma simples verifica\u00e7\u00e3o: acesse o Meu INSS em <a style=\"color: #000000;\" href=\"https:\/\/meu.inss.gov.br\">meu.inss.gov.br<\/a>, consulte seu CNIS e use o simulador de aposentadoria. Se tiver d\u00favidas sobre os per\u00edodos registrados ou sobre qual regra se aplica ao seu caso, a orienta\u00e7\u00e3o de um especialista pode fazer toda a diferen\u00e7a.<\/span><\/p>\n<p><span style=\"color: #000000;\"><\/span><\/p>\n<p><span style=\"color: #000000;\">\ud83d\udccb <strong>Aviso importante:<\/strong> As informa\u00e7\u00f5es deste artigo t\u00eam car\u00e1ter educativo e informativo. Elas <strong>n\u00e3o substituem a consulta ao simulador oficial do INSS<\/strong> nem o atendimento nas ag\u00eancias da Previd\u00eancia Social. Cada caso de aposentadoria especial \u00e9 \u00fanico e exige an\u00e1lise individualizada da exposi\u00e7\u00e3o, da documenta\u00e7\u00e3o e do hist\u00f3rico contributivo.<\/span><\/p>\n<p><span style=\"color: #000000;\"><\/span><\/p>\n<hr class=\"wp-block-separator has-alpha-channel-opacity\" \/>\n<p><span style=\"color: #000000;\"><\/span><\/p>\n<h2 class=\"wp-block-heading\"><span style=\"color: #000000;\"><strong>Fale com um Especialista em Direito Previdenci\u00e1rio<\/strong><\/span><\/h2>\n<p><span style=\"color: #000000;\"><\/span><\/p>\n<p><span style=\"color: #000000;\">O escrit\u00f3rio <strong>Deivison de Oliveira Sociedade Individual de Advocacia<\/strong> (OAB\/RJ 186.125) atua exclusivamente em Direito Previdenci\u00e1rio e Direito do Trabalho, com atendimento 100% online para todo o Brasil.<\/span><\/p>\n<p><span style=\"color: #000000;\"><\/span><\/p>\n<p><span style=\"color: #000000;\">\ud83d\udc49 Acesse <a style=\"color: #000000;\" href=\"https:\/\/advogadoinssrj.com\"><strong>advogadoinssrj.com<\/strong><\/a> e agende sua consulta.<\/span><\/p>\n<p><span style=\"color: #000000;\"><\/span><\/p>\n<hr class=\"wp-block-separator has-alpha-channel-opacity\" \/>\n<p><span style=\"color: #000000;\"><\/span><\/p>\n<h2 class=\"wp-block-heading\"><span style=\"color: #000000;\">Fontes e Refer\u00eancias<\/span><\/h2>\n<p><span style=\"color: #000000;\"><\/span><\/p>\n<ol class=\"wp-block-list\">\n<li><span style=\"color: #000000;\"><strong>Lei n\u00ba 8.213, de 24 de julho de 1991<\/strong> \u2014 art. 57 (Aposentadoria Especial). Dispon\u00edvel em: <a style=\"color: #000000;\" href=\"https:\/\/www.planalto.gov.br\/ccivil_03\/leis\/l8213cons.htm\">planalto.gov.br<\/a>. Acesso em: 02\/05\/2026.<\/span><\/li>\n\n<li><span style=\"color: #000000;\"><strong>Emenda Constitucional n\u00ba 103, de 12 de novembro de 2019<\/strong> \u2014 arts. 19 e 20 (Regras de Transi\u00e7\u00e3o). Dispon\u00edvel em: <a style=\"color: #000000;\" href=\"https:\/\/www.planalto.gov.br\/ccivil_03\/constituicao\/emendas\/emc\/emc103.htm\">planalto.gov.br<\/a>. Acesso em: 02\/05\/2026.<\/span><\/li>\n\n<li><span style=\"color: #000000;\"><strong>Decreto n\u00ba 3.048, de 6 de maio de 1999<\/strong> \u2014 Regulamento da Previd\u00eancia Social (Anexo IV \u2014 Agentes Nocivos). Dispon\u00edvel em: <a style=\"color: #000000;\" href=\"https:\/\/www.planalto.gov.br\/ccivil_03\/decreto\/d3048.htm\">planalto.gov.br<\/a>. Acesso em: 02\/05\/2026.<\/span><\/li>\n\n<li><span style=\"color: #000000;\"><strong>STF \u2014 Tema 555 (ARE 664.335)<\/strong> \u2014 EPI e aposentadoria especial. Dispon\u00edvel em: <a style=\"color: #000000;\" href=\"https:\/\/portal.stf.jus.br\">portal.stf.jus.br<\/a>. Acesso em: 02\/05\/2026.<\/span><\/li>\n\n<li><span style=\"color: #000000;\"><strong>STF \u2014 Tema 709 (RE 791.961)<\/strong> \u2014 Veda\u00e7\u00e3o de retorno \u00e0 atividade especial ap\u00f3s aposentadoria. Dispon\u00edvel em: <a style=\"color: #000000;\" href=\"https:\/\/portal.stf.jus.br\">portal.stf.jus.br<\/a>. Acesso em: 02\/05\/2026.<\/span><\/li>\n\n<li><span style=\"color: #000000;\"><strong>STF \u2014 ADI 6.309<\/strong> \u2014 Constitucionalidade das altera\u00e7\u00f5es \u00e0 aposentadoria especial pela EC 103\/2019. Julgamento pendente. Dispon\u00edvel em: <a style=\"color: #000000;\" href=\"https:\/\/portal.stf.jus.br\">portal.stf.jus.br<\/a>. Acesso em: 02\/05\/2026.<\/span><\/li>\n\n<li><span style=\"color: #000000;\"><strong>INSS<\/strong> \u2014 Portal Meu INSS \/ Simulador de Aposentadoria. Dispon\u00edvel em: <a style=\"color: #000000;\" href=\"https:\/\/meu.inss.gov.br\">meu.inss.gov.br<\/a>. Acesso em: 02\/05\/2026.<\/span><\/li>\n\n<li><span style=\"color: #000000;\"><strong>Portaria MPS 7\/2026<\/strong> \u2014 Teto do INSS (R$ 8.475,55) e piso previdenci\u00e1rio (R$ 1.621,00). Dispon\u00edvel em: <a style=\"color: #000000;\" href=\"https:\/\/www.gov.br\/inss\">gov.br\/inss<\/a>. Acesso em: 02\/05\/2026.<\/span><\/li>\n\n<li><span style=\"color: #000000;\"><strong>Decreto n\u00ba 12.797\/2025<\/strong> \u2014 Sal\u00e1rio m\u00ednimo 2026: R$ 1.621,00. Dispon\u00edvel em: <a style=\"color: #000000;\" href=\"https:\/\/www.planalto.gov.br\">planalto.gov.br<\/a>. Acesso em: 02\/05\/2026.<\/span><\/li>\n<\/ol>\n<p><span style=\"color: #000000;\"><\/span><\/p>\n<hr class=\"wp-block-separator has-alpha-channel-opacity\" \/>\n<p><span style=\"color: #000000;\"><\/span><\/p>\n<p><span style=\"color: #000000;\"><em>Artigo produzido por Dr. Deivison de Oliveira \u2014 OAB\/RJ 186.125 | Especialista em Direito Previdenci\u00e1rio e Direito do Trabalho | <\/em><a style=\"color: #000000;\" href=\"https:\/\/advogadoinssrj.com\"><em>advogadoinssrj.com<\/em><\/a><\/span><\/p>\n<p><span style=\"color: #000000;\"><\/span><\/p>\n<p><span style=\"color: #000000;\"><em>\u00daltima atualiza\u00e7\u00e3o: 03\/05\/2026<\/em><\/span><\/p>\n\t\t\t\t\t\t\t\t<\/div>\n\t\t\t\t<\/div>\n\t\t\t\t\t<\/div>\n\t\t<\/div>\n\t\t\t\t\t<\/div>\n\t\t<\/section>\n\t\t\t\t<\/div>\n\t\t","protected":false},"excerpt":{"rendered":"<p>Voc\u00ea Trabalhou em Condi\u00e7\u00f5es Insalubres ou Perigosas? Pode Ter Direito a se Aposentar Mais Cedo Existe um benef\u00edcio previdenci\u00e1rio que pouqu\u00edssimos trabalhadores conhecem bem \u2014 e que pode garantir a aposentadoria anos antes do que seria poss\u00edvel pela regra comum. Ele se chama aposentadoria especial, e \u00e9 destinado a quem trabalhou exposto a agentes nocivos [&hellip;]<\/p>\n","protected":false},"author":1,"featured_media":2679,"comment_status":"open","ping_status":"open","sticky":false,"template":"","format":"standard","meta":{"_monsterinsights_skip_tracking":false,"_monsterinsights_sitenote_active":false,"_monsterinsights_sitenote_note":"","_monsterinsights_sitenote_category":0,"_uf_show_specific_survey":0,"_uf_disable_surveys":false,"footnotes":""},"categories":[11],"tags":[17,13,19,15,20,14,18,12],"class_list":["post-2678","post","type-post","status-publish","format-standard","has-post-thumbnail","hentry","category-artigo","tag-advogado-inss-rio-de-janeiro-l","tag-advogado-previdenciario-rio-de-janeiro","tag-advogado-trabalhista-rio-de-janeiro","tag-aposentadoria-por-idade","tag-causa-trabalhista","tag-como-posso-me-aposentar","tag-meu-inss","tag-revisao-da-vida-toda","wpbf-post"],"_links":{"self":[{"href":"https:\/\/advogadoinssrj.com\/index.php\/wp-json\/wp\/v2\/posts\/2678","targetHints":{"allow":["GET"]}}],"collection":[{"href":"https:\/\/advogadoinssrj.com\/index.php\/wp-json\/wp\/v2\/posts"}],"about":[{"href":"https:\/\/advogadoinssrj.com\/index.php\/wp-json\/wp\/v2\/types\/post"}],"author":[{"embeddable":true,"href":"https:\/\/advogadoinssrj.com\/index.php\/wp-json\/wp\/v2\/users\/1"}],"replies":[{"embeddable":true,"href":"https:\/\/advogadoinssrj.com\/index.php\/wp-json\/wp\/v2\/comments?post=2678"}],"version-history":[{"count":6,"href":"https:\/\/advogadoinssrj.com\/index.php\/wp-json\/wp\/v2\/posts\/2678\/revisions"}],"predecessor-version":[{"id":2685,"href":"https:\/\/advogadoinssrj.com\/index.php\/wp-json\/wp\/v2\/posts\/2678\/revisions\/2685"}],"wp:featuredmedia":[{"embeddable":true,"href":"https:\/\/advogadoinssrj.com\/index.php\/wp-json\/wp\/v2\/media\/2679"}],"wp:attachment":[{"href":"https:\/\/advogadoinssrj.com\/index.php\/wp-json\/wp\/v2\/media?parent=2678"}],"wp:term":[{"taxonomy":"category","embeddable":true,"href":"https:\/\/advogadoinssrj.com\/index.php\/wp-json\/wp\/v2\/categories?post=2678"},{"taxonomy":"post_tag","embeddable":true,"href":"https:\/\/advogadoinssrj.com\/index.php\/wp-json\/wp\/v2\/tags?post=2678"}],"curies":[{"name":"wp","href":"https:\/\/api.w.org\/{rel}","templated":true}]}}